{"id":13956,"date":"2025-01-31T12:23:10","date_gmt":"2025-01-31T11:23:10","guid":{"rendered":"https:\/\/cultura.umh.es\/?p=13956"},"modified":"2026-01-21T14:49:58","modified_gmt":"2026-01-21T13:49:58","slug":"planeta-vida","status":"publish","type":"post","link":"https:\/\/cultura.umh.es\/es\/2025\/01\/31\/planeta-vida\/","title":{"rendered":"Planeta Vida"},"content":{"rendered":"<p><a href=\"https:\/\/cultura.umh.es\/files\/2025\/02\/Planeta-vida_banner.jpg\"><img loading=\"lazy\" class=\"alignnone size-medium wp-image-13959\" src=\"https:\/\/cultura.umh.es\/files\/2025\/02\/Planeta-vida_banner-300x171.jpg\" alt=\"Banner de la exposici\u00f3n Planeta Vida\" width=\"300\" height=\"171\" srcset=\"https:\/\/cultura.umh.es\/files\/2025\/02\/Planeta-vida_banner-300x171.jpg 300w, https:\/\/cultura.umh.es\/files\/2025\/02\/Planeta-vida_banner-1024x582.jpg 1024w, https:\/\/cultura.umh.es\/files\/2025\/02\/Planeta-vida_banner-768x437.jpg 768w, https:\/\/cultura.umh.es\/files\/2025\/02\/Planeta-vida_banner.jpg 1333w\" sizes=\"(max-width: 300px) 100vw, 300px\" \/><\/a><\/p>\n<p>La fusi\u00f3n entre arte y ciencia cobra vida en <em>Planeta Vida<\/em>, una exposici\u00f3n que nos invita a recorrer el viaje de la materia desde los confines del universo hasta convertirse en la esencia de nuestro mundo azul.<\/p>\n<p>Una propuesta est\u00e9tica y cient\u00edfica de Luis Miguel Guti\u00e9rrez P\u00e9rez, catedr\u00e1tico, investigador y artista pl\u00e1stico, que nos sumerge en tres etapas fascinantes: G\u00e9nesis, Paisaje y Vida.<\/p>\n<p>Sala Negra &#8211; La Valona \u2014 Centro Universitario de Cultura Contempor\u00e1nea, campus de Elche.<br \/>\nDel 7 de febrero al 2 de mayo<\/p>\n<p>Inauguraci\u00f3n: 7 de febrero a las 19.00 horas<\/p>\n<p>La entrada es libre hasta completar aforo<\/p>\n<p>Cartel:<\/p>\n<p><a href=\"https:\/\/cultura.umh.es\/files\/2025\/02\/Planeta-vida_CASweb.jpg\"><img loading=\"lazy\" class=\"alignnone size-medium wp-image-13965\" src=\"https:\/\/cultura.umh.es\/files\/2025\/02\/Planeta-vida_CASweb-212x300.jpg\" alt=\"Cartel de la exposici\u00f3n Planeta Vida\" width=\"212\" height=\"300\" srcset=\"https:\/\/cultura.umh.es\/files\/2025\/02\/Planeta-vida_CASweb-212x300.jpg 212w, https:\/\/cultura.umh.es\/files\/2025\/02\/Planeta-vida_CASweb-724x1024.jpg 724w, https:\/\/cultura.umh.es\/files\/2025\/02\/Planeta-vida_CASweb-768x1086.jpg 768w, https:\/\/cultura.umh.es\/files\/2025\/02\/Planeta-vida_CASweb-1086x1536.jpg 1086w, https:\/\/cultura.umh.es\/files\/2025\/02\/Planeta-vida_CASweb.jpg 1240w\" sizes=\"(max-width: 212px) 100vw, 212px\" \/><\/a><\/p>","protected":false},"excerpt":{"rendered":"<p>La fusi\u00f3n entre arte y ciencia cobra vida en Planeta Vida, una exposici\u00f3n que nos invita a recorrer el viaje de la materia desde los confines del universo hasta convertirse en la esencia de nuestro mundo azul.<br \/>\nUna propuesta est\u00e9tica y cient\u00edfica de Luis Miguel Guti\u00e9rrez P\u00e9rez, catedr\u00e1tico, investigador y artista pl\u00e1stico, que nos sumerge en [&#8230;]<\/p>\n","protected":false},"author":2954,"featured_media":0,"comment_status":"closed","ping_status":"closed","sticky":false,"template":"","format":"standard","meta":{"ngg_post_thumbnail":0,"_links_to":"","_links_to_target":""},"categories":[55516],"tags":[1056507],"_links":{"self":[{"href":"https:\/\/cultura.umh.es\/es\/wp-json\/wp\/v2\/posts\/13956"}],"collection":[{"href":"https:\/\/cultura.umh.es\/es\/wp-json\/wp\/v2\/posts"}],"about":[{"href":"https:\/\/cultura.umh.es\/es\/wp-json\/wp\/v2\/types\/post"}],"author":[{"embeddable":true,"href":"https:\/\/cultura.umh.es\/es\/wp-json\/wp\/v2\/users\/2954"}],"replies":[{"embeddable":true,"href":"https:\/\/cultura.umh.es\/es\/wp-json\/wp\/v2\/comments?post=13956"}],"version-history":[{"count":0,"href":"https:\/\/cultura.umh.es\/es\/wp-json\/wp\/v2\/posts\/13956\/revisions"}],"wp:attachment":[{"href":"https:\/\/cultura.umh.es\/es\/wp-json\/wp\/v2\/media?parent=13956"}],"wp:term":[{"taxonomy":"category","embeddable":true,"href":"https:\/\/cultura.umh.es\/es\/wp-json\/wp\/v2\/categories?post=13956"},{"taxonomy":"post_tag","embeddable":true,"href":"https:\/\/cultura.umh.es\/es\/wp-json\/wp\/v2\/tags?post=13956"}],"curies":[{"name":"wp","href":"https:\/\/api.w.org\/{rel}","templated":true}]}}