{"id":13922,"date":"2025-02-05T11:25:25","date_gmt":"2025-02-05T10:25:25","guid":{"rendered":"https:\/\/cultura.umh.es\/?p=13922"},"modified":"2025-06-16T10:00:43","modified_gmt":"2025-06-16T08:00:43","slug":"muestra-de-teatro-umh","status":"publish","type":"post","link":"https:\/\/cultura.umh.es\/es\/2025\/02\/05\/muestra-de-teatro-umh\/","title":{"rendered":"Muestra de Teatro UMH: La cadena"},"content":{"rendered":"<p><a href=\"https:\/\/cultura.umh.es\/files\/2025\/02\/Muestra-de-teatro-UMH_CASbanner.jpg\"><img loading=\"lazy\" class=\"alignnone size-medium wp-image-13952\" src=\"https:\/\/cultura.umh.es\/files\/2025\/02\/Muestra-de-teatro-UMH_CASbanner-300x171.jpg\" alt=\"Banner de la Muestra de Teatro UMH\" width=\"300\" height=\"171\" srcset=\"https:\/\/cultura.umh.es\/files\/2025\/02\/Muestra-de-teatro-UMH_CASbanner-300x171.jpg 300w, https:\/\/cultura.umh.es\/files\/2025\/02\/Muestra-de-teatro-UMH_CASbanner-1024x582.jpg 1024w, https:\/\/cultura.umh.es\/files\/2025\/02\/Muestra-de-teatro-UMH_CASbanner-768x437.jpg 768w, https:\/\/cultura.umh.es\/files\/2025\/02\/Muestra-de-teatro-UMH_CASbanner.jpg 1333w\" sizes=\"(max-width: 300px) 100vw, 300px\" \/><\/a><\/p>\n<p>El Vicerrectorado de Cultura, Igualdad y Diversidad de la Universidad Miguel Hern\u00e1ndez de Elche, dentro del proyecto <em>Di\u00e1logos culturales: Elche\u2013UMH<\/em>, organiza la <strong>I Muestra de Teatro UMH.<\/strong>&nbsp;Esta muestra busca ofrecer una visi\u00f3n de los grupos de teatro amateur del entorno, promoviendo el intercambio cultural entre la universidad y la ciudad. Como parte del proyecto <em>Di\u00e1logos culturales<\/em>, este ciclo pretende generar una relaci\u00f3n fluida entre las actividades culturales organizadas en la UMH y las propuestas art\u00edsticas desarrolladas en el \u00e1mbito local.<\/p>\n<p>La primera representaci\u00f3n ser\u00e1 <strong><em>La cadena<\/em><\/strong>, de la compa\u00f1\u00eda Nomasdramas, el <strong>jueves 13 de febrero a las 19.30 horas<\/strong>, en la Cinemateca del edificio La Valona, campus de Elche.<br \/>\nLa entrada es libre hasta completar aforo.<\/p>\n<p><em>La Cadena<\/em> es un conjunto de historias entrelazadas. El anfitri\u00f3n nos recibir\u00e1 y nos acompa\u00f1ar\u00e1 a trav\u00e9s de diez eslabones y once personajes singulares en situaciones curiosas e inesperadas. <em>La Cadena<\/em> se desenvuelve en escenarios cotidianos que se vuelven extraordinarios por las circunstancias que enfrenta cada protagonista. <em>La Cadena<\/em>&nbsp;es una comedia sin carcajadas, un drama sin llantos, un musical sin m\u00fasica.<\/p>\n<p>Con: Francis Moreno, Javi Poveda, Juanjo Payo, Alfredo Sempere, J. Carlos Botella, Eva Ordo\u00f1o, bajo la direcci\u00f3n de Francis Moreno.<\/p>\n<p>La programaci\u00f3n al completo es:<\/p>\n<ul>\n<li><strong>13 de febrero \u2013 <em>La cadena<\/em><\/strong>, compa\u00f1\u00eda Nomasdramas<\/li>\n<li><strong>27 de febrero<\/strong> \u2013 <em><strong>\u00a1Qu\u00e9 \u201cbollo\u201d es vivir!<\/strong>, c<\/em>ompa\u00f1\u00eda Calandraca Teatro<\/li>\n<li><strong>13 de marzo<\/strong> \u2013 <em><strong>Las \u00faltimas veces<\/strong>, c<\/em>ompa\u00f1\u00eda Las Felipas<\/li>\n<li><strong>27 de marzo<\/strong> \u2013 <em><strong>Mujer como ninguna<\/strong>, c<\/em>ompa\u00f1\u00eda El teatro del buscavidas<\/li>\n<\/ul>\n<p>Cartel:<\/p>\n<p><a href=\"https:\/\/cultura.umh.es\/files\/2025\/02\/Muestra-de-teatro-UMH_CASweb.jpg\"><img loading=\"lazy\" class=\"alignnone size-medium wp-image-13998\" src=\"https:\/\/cultura.umh.es\/files\/2025\/02\/Muestra-de-teatro-UMH_CASweb-212x300.jpg\" alt=\"Cartel de la Muestra de teatro UMH\" width=\"212\" height=\"300\" srcset=\"https:\/\/cultura.umh.es\/files\/2025\/02\/Muestra-de-teatro-UMH_CASweb-212x300.jpg 212w, https:\/\/cultura.umh.es\/files\/2025\/02\/Muestra-de-teatro-UMH_CASweb-724x1024.jpg 724w, https:\/\/cultura.umh.es\/files\/2025\/02\/Muestra-de-teatro-UMH_CASweb-768x1086.jpg 768w, https:\/\/cultura.umh.es\/files\/2025\/02\/Muestra-de-teatro-UMH_CASweb-1086x1536.jpg 1086w, https:\/\/cultura.umh.es\/files\/2025\/02\/Muestra-de-teatro-UMH_CASweb.jpg 1240w\" sizes=\"(max-width: 212px) 100vw, 212px\" \/><\/a><\/p>","protected":false},"excerpt":{"rendered":"<p>El Vicerrectorado de Cultura, Igualdad y Diversidad de la Universidad Miguel Hern\u00e1ndez de Elche, dentro del proyecto Di\u00e1logos culturales: Elche\u2013UMH, organiza la I Muestra de Teatro UMH.&nbsp;Esta muestra busca ofrecer una visi\u00f3n de los grupos de teatro amateur del entorno, promoviendo el intercambio cultural entre la universidad y la ciudad. Como parte del proyecto Di\u00e1logos [&#8230;]<\/p>\n","protected":false},"author":30175,"featured_media":0,"comment_status":"closed","ping_status":"closed","sticky":false,"template":"","format":"standard","meta":{"ngg_post_thumbnail":0,"_links_to":"","_links_to_target":""},"categories":[701],"tags":[1056506,1056503],"_links":{"self":[{"href":"https:\/\/cultura.umh.es\/es\/wp-json\/wp\/v2\/posts\/13922"}],"collection":[{"href":"https:\/\/cultura.umh.es\/es\/wp-json\/wp\/v2\/posts"}],"about":[{"href":"https:\/\/cultura.umh.es\/es\/wp-json\/wp\/v2\/types\/post"}],"author":[{"embeddable":true,"href":"https:\/\/cultura.umh.es\/es\/wp-json\/wp\/v2\/users\/30175"}],"replies":[{"embeddable":true,"href":"https:\/\/cultura.umh.es\/es\/wp-json\/wp\/v2\/comments?post=13922"}],"version-history":[{"count":0,"href":"https:\/\/cultura.umh.es\/es\/wp-json\/wp\/v2\/posts\/13922\/revisions"}],"wp:attachment":[{"href":"https:\/\/cultura.umh.es\/es\/wp-json\/wp\/v2\/media?parent=13922"}],"wp:term":[{"taxonomy":"category","embeddable":true,"href":"https:\/\/cultura.umh.es\/es\/wp-json\/wp\/v2\/categories?post=13922"},{"taxonomy":"post_tag","embeddable":true,"href":"https:\/\/cultura.umh.es\/es\/wp-json\/wp\/v2\/tags?post=13922"}],"curies":[{"name":"wp","href":"https:\/\/api.w.org\/{rel}","templated":true}]}}