{"id":13861,"date":"2025-01-15T10:56:43","date_gmt":"2025-01-15T09:56:43","guid":{"rendered":"https:\/\/cultura.umh.es\/?p=13861"},"modified":"2025-06-16T13:50:49","modified_gmt":"2025-06-16T11:50:49","slug":"club-de-cine-umh-el-informe-pelicano","status":"publish","type":"post","link":"https:\/\/cultura.umh.es\/es\/2025\/01\/15\/club-de-cine-umh-el-informe-pelicano\/","title":{"rendered":"Cinef\u00f3rum \/ Club de Cine UMH \u00abEl informe pel\u00edcano\u00bb"},"content":{"rendered":"<p><a href=\"https:\/\/cultura.umh.es\/files\/2024\/11\/Club-de-cine_baner.png\"><img loading=\"lazy\" class=\"alignnone size-medium wp-image-13678\" src=\"https:\/\/cultura.umh.es\/files\/2024\/11\/Club-de-cine_baner-300x171.png\" alt=\"B\u00e1ner del Club de Cine UMH\" width=\"300\" height=\"171\" srcset=\"https:\/\/cultura.umh.es\/files\/2024\/11\/Club-de-cine_baner-300x171.png 300w, https:\/\/cultura.umh.es\/files\/2024\/11\/Club-de-cine_baner.png 667w\" sizes=\"(max-width: 300px) 100vw, 300px\" \/><\/a><\/p>\n<p>El Club de Cine UMH sigue su programaci\u00f3n con un espacio para los amantes y especialistas del s\u00e9ptimo arte.<\/p>\n<p>En la pr\u00f3xima sesi\u00f3n del martes <strong>21 de enero de 2025<\/strong>, a las <strong>18:30 horas<\/strong>, en la <strong>Cinemateca del edificio La Valona del campus de Elche<\/strong>, se proyectar\u00e1 <em><strong>El informe pel\u00edcano<\/strong><\/em>, en versi\u00f3n original y subtitulada en castellano, dirigida por el cineasta estadounidense <strong>Alan J. Pakula<\/strong>, un maestro del <em>thriller<\/em> pol\u00edtico conocido por obras como <em>Todos los hombres del presidente<\/em>. Esta adaptaci\u00f3n del <em>best-seller<\/em> de John Grisham recibi\u00f3 elogios por su interpretaci\u00f3n estelar de Julia Roberts y Denzel Washington.<\/p>\n<p>Esta sesi\u00f3n est\u00e1 organizada por la <strong>Facultad de Ciencias Sociales y Jur\u00eddicas de Elche<\/strong>, y la <strong>Asociaci\u00f3n de Periodistas de la Provincia de Alicante<\/strong>.<\/p>\n<p>La asistencia a 6 sesiones o m\u00e1s, tendr\u00e1n un certificado de 15 horas, 0,60 cr\u00e9ditos ECTS<\/p>\n<p><a href=\"https:\/\/www.umh.es\/contenido\/Estudios\/:tit_fpo_16313\/datos_es.html\" target=\"_blank\" rel=\"noopener\">Ir a m\u00e1s informaci\u00f3n e inscripci\u00f3n como estudiante<\/a><\/p>\n<p><a href=\"https:\/\/docs.google.com\/forms\/d\/e\/1FAIpQLSe-hyiG80_bob6kjsIaOFhJTWgxhynHkHRw6zS3Ay7t-NkPTg\/viewform\" target=\"_blank\" rel=\"noopener\">Ir al formulario de inscripci\u00f3n general<\/a><\/p>\n<p><a href=\"https:\/\/gradocau.umh.es\/2025\/01\/16\/%f0%9f%8e%ac-cineforum-universitario-%f0%9f%8e%ac-el-informe-pelicano\/\">Ir a la informaci\u00f3n de la p\u00e1gina de Grado en Comunicaci\u00f3n Audiovisual<\/a><\/p>\n<p>Cartel:<\/p>\n<p><a href=\"https:\/\/cultura.umh.es\/files\/2025\/01\/Cartel_El-informe-pelicano_web.jpg\"><img loading=\"lazy\" class=\"alignnone size-medium wp-image-13874\" src=\"https:\/\/cultura.umh.es\/files\/2025\/01\/Cartel_El-informe-pelicano_web-212x300.jpg\" alt=\"Cartel del Cineforum y la pel\u00edcula El informe pel\u00edcano\" width=\"212\" height=\"300\" srcset=\"https:\/\/cultura.umh.es\/files\/2025\/01\/Cartel_El-informe-pelicano_web-212x300.jpg 212w, https:\/\/cultura.umh.es\/files\/2025\/01\/Cartel_El-informe-pelicano_web-724x1024.jpg 724w, https:\/\/cultura.umh.es\/files\/2025\/01\/Cartel_El-informe-pelicano_web-768x1086.jpg 768w, https:\/\/cultura.umh.es\/files\/2025\/01\/Cartel_El-informe-pelicano_web-1086x1536.jpg 1086w, https:\/\/cultura.umh.es\/files\/2025\/01\/Cartel_El-informe-pelicano_web.jpg 1240w\" sizes=\"(max-width: 212px) 100vw, 212px\" \/><\/a><\/p>\n<p>&nbsp;<\/p>","protected":false},"excerpt":{"rendered":"<p>El Club de Cine UMH sigue su programaci\u00f3n con un espacio para los amantes y especialistas del s\u00e9ptimo arte.<br \/>\nEn la pr\u00f3xima sesi\u00f3n del martes 21 de enero de 2025, a las 18:30 horas, en la Cinemateca del edificio La Valona del campus de Elche, se proyectar\u00e1 El informe pel\u00edcano, en versi\u00f3n original y subtitulada en [&#8230;]<\/p>\n","protected":false},"author":30175,"featured_media":0,"comment_status":"closed","ping_status":"closed","sticky":false,"template":"","format":"standard","meta":{"ngg_post_thumbnail":0,"_links_to":"","_links_to_target":""},"categories":[144],"tags":[69320,1056494],"_links":{"self":[{"href":"https:\/\/cultura.umh.es\/es\/wp-json\/wp\/v2\/posts\/13861"}],"collection":[{"href":"https:\/\/cultura.umh.es\/es\/wp-json\/wp\/v2\/posts"}],"about":[{"href":"https:\/\/cultura.umh.es\/es\/wp-json\/wp\/v2\/types\/post"}],"author":[{"embeddable":true,"href":"https:\/\/cultura.umh.es\/es\/wp-json\/wp\/v2\/users\/30175"}],"replies":[{"embeddable":true,"href":"https:\/\/cultura.umh.es\/es\/wp-json\/wp\/v2\/comments?post=13861"}],"version-history":[{"count":0,"href":"https:\/\/cultura.umh.es\/es\/wp-json\/wp\/v2\/posts\/13861\/revisions"}],"wp:attachment":[{"href":"https:\/\/cultura.umh.es\/es\/wp-json\/wp\/v2\/media?parent=13861"}],"wp:term":[{"taxonomy":"category","embeddable":true,"href":"https:\/\/cultura.umh.es\/es\/wp-json\/wp\/v2\/categories?post=13861"},{"taxonomy":"post_tag","embeddable":true,"href":"https:\/\/cultura.umh.es\/es\/wp-json\/wp\/v2\/tags?post=13861"}],"curies":[{"name":"wp","href":"https:\/\/api.w.org\/{rel}","templated":true}]}}