{"id":13849,"date":"2025-01-07T10:08:51","date_gmt":"2025-01-07T09:08:51","guid":{"rendered":"https:\/\/cultura.umh.es\/?p=13849"},"modified":"2025-01-08T13:28:25","modified_gmt":"2025-01-08T12:28:25","slug":"correccio-derrors-a-la-proposta-de-concessio-provisional-de-la-convocatoria-del-xxi-concurs-de-grups-de-musica-de-la-umh-2024","status":"publish","type":"post","link":"https:\/\/cultura.umh.es\/es\/2025\/01\/07\/correccio-derrors-a-la-proposta-de-concessio-provisional-de-la-convocatoria-del-xxi-concurs-de-grups-de-musica-de-la-umh-2024\/","title":{"rendered":"Correcci\u00f3n de errores a la propuesta de concesi\u00f3n provisional de la convocatoria del XXI Concurso de grupos de m\u00fasica de la UMH 2024"},"content":{"rendered":"<p><a href=\"https:\/\/cultura.umh.es\/files\/2023\/06\/ConcursoGruposdeMusica_bannerCAS.jpg\"><img loading=\"lazy\" class=\"alignnone size-medium wp-image-12395\" src=\"https:\/\/cultura.umh.es\/files\/2023\/06\/ConcursoGruposdeMusica_bannerCAS-300x183.jpg\" alt=\"Banner del Concurso de Grupos de M\u00fasica de la UMH\" width=\"300\" height=\"183\" srcset=\"https:\/\/cultura.umh.es\/files\/2023\/06\/ConcursoGruposdeMusica_bannerCAS-300x183.jpg 300w, https:\/\/cultura.umh.es\/files\/2023\/06\/ConcursoGruposdeMusica_bannerCAS.jpg 369w\" sizes=\"(max-width: 300px) 100vw, 300px\" \/><\/a><\/p>\n<ul>\n<li><a href=\"https:\/\/boumh.umh.es\/files\/2024\/12\/ES_U05500001_2024_DOCH-0000000000000000000399329.pdf\">Descargar Correcci\u00f3n de errores a la propuesta de concesi\u00f3n provisional de la convocatoria del XXI Concurso de grupos de m\u00fasica de la UMH 2024<\/a>\n<ul>\n<li>El plazo para presentar alegaciones es de 10 d\u00edas h\u00e1biles a contar a partir del d\u00eda siguiente a la publicaci\u00f3n de la presente.<br \/>\nFecha de publicaci\u00f3n: 20\/12\/2024<br \/>\nFecha inicio: 23\/12\/2024<br \/>\nFecha fin: 08\/01\/2025<\/li>\n<\/ul>\n<\/li>\n<\/ul>\n<p><a href=\"https:\/\/cultura.umh.es\/es\/convocatorias\/umh-fest\/\">Ir a la p\u00e1gina del Concurso de grupos de m\u00fasica<\/a><\/p>","protected":false},"excerpt":{"rendered":"<p>Descargar Correcci\u00f3n de errores a la propuesta de concesi\u00f3n provisional de la convocatoria del XXI Concurso de grupos de m\u00fasica de la UMH 2024<\/p>\n<p>El plazo para presentar alegaciones es de 10 d\u00edas h\u00e1biles a contar a partir del d\u00eda siguiente a la publicaci\u00f3n de la presente.<br \/>\nFecha de publicaci\u00f3n: 20\/12\/2024<br \/>\nFecha inicio: 23\/12\/2024<br \/>\nFecha fin: 08\/01\/2025<\/p>\n<p>Ir a la [&#8230;]<\/p>\n","protected":false},"author":30175,"featured_media":0,"comment_status":"closed","ping_status":"closed","sticky":false,"template":"","format":"standard","meta":{"ngg_post_thumbnail":0,"_links_to":"","_links_to_target":""},"categories":[567],"tags":[363953,363950],"_links":{"self":[{"href":"https:\/\/cultura.umh.es\/es\/wp-json\/wp\/v2\/posts\/13849"}],"collection":[{"href":"https:\/\/cultura.umh.es\/es\/wp-json\/wp\/v2\/posts"}],"about":[{"href":"https:\/\/cultura.umh.es\/es\/wp-json\/wp\/v2\/types\/post"}],"author":[{"embeddable":true,"href":"https:\/\/cultura.umh.es\/es\/wp-json\/wp\/v2\/users\/30175"}],"replies":[{"embeddable":true,"href":"https:\/\/cultura.umh.es\/es\/wp-json\/wp\/v2\/comments?post=13849"}],"version-history":[{"count":0,"href":"https:\/\/cultura.umh.es\/es\/wp-json\/wp\/v2\/posts\/13849\/revisions"}],"wp:attachment":[{"href":"https:\/\/cultura.umh.es\/es\/wp-json\/wp\/v2\/media?parent=13849"}],"wp:term":[{"taxonomy":"category","embeddable":true,"href":"https:\/\/cultura.umh.es\/es\/wp-json\/wp\/v2\/categories?post=13849"},{"taxonomy":"post_tag","embeddable":true,"href":"https:\/\/cultura.umh.es\/es\/wp-json\/wp\/v2\/tags?post=13849"}],"curies":[{"name":"wp","href":"https:\/\/api.w.org\/{rel}","templated":true}]}}