{"id":13817,"date":"2024-12-16T12:54:12","date_gmt":"2024-12-16T11:54:12","guid":{"rendered":"https:\/\/cultura.umh.es\/?p=13817"},"modified":"2025-06-16T13:51:09","modified_gmt":"2025-06-16T11:51:09","slug":"club-cine-umh-duelo","status":"publish","type":"post","link":"https:\/\/cultura.umh.es\/es\/2024\/12\/16\/club-cine-umh-duelo\/","title":{"rendered":"Club Cine UMH: Duelo"},"content":{"rendered":"<p><a href=\"https:\/\/cultura.umh.es\/files\/2024\/11\/Club-de-cine_baner.png\"><img loading=\"lazy\" class=\"alignnone size-medium wp-image-13678\" src=\"https:\/\/cultura.umh.es\/files\/2024\/11\/Club-de-cine_baner-300x171.png\" alt=\"B\u00e1ner del Club de Cine UMH\" width=\"300\" height=\"171\" srcset=\"https:\/\/cultura.umh.es\/files\/2024\/11\/Club-de-cine_baner-300x171.png 300w, https:\/\/cultura.umh.es\/files\/2024\/11\/Club-de-cine_baner.png 667w\" sizes=\"(max-width: 300px) 100vw, 300px\" \/><\/a><\/p>\n<p><strong>El Vicerrectorado de Cultura, Igualdad y Diversidad de la Universidad Miguel Hern\u00e1ndez de Elche ha puesto en marcha el <em>Club de Cine UMH<\/em>, un lugar de encuentro de personas especialistas en el s\u00e9ptimo arte el pr\u00f3ximo martes 17 de diciembre, a las 19:30 horas, en la Cinemateca del edificio La Valona del campus de Elche.<\/strong><\/p>\n<p>Continuamos este nuevo proyecto con Duelo. Duelo es un estudio creativo que nace el 2020, en plena pandemia, formado por varios integrantes repartidos por la Comunidad Valenciana que finalmente se establecen en Valencia para realizar tareas relacionadas con la direcci\u00f3n creativa de proyectos.<\/p>\n<p>Este colectivo se une para explorar el medio audiovisual y poder aportar una est\u00e9tica y una nueva visi\u00f3n basada en nuevos formatos y en la exploraci\u00f3n m\u00e1s all\u00e1 de los formatos cl\u00e1sicos. Desde su formaci\u00f3n hasta hoy ha podido trabajar con clientes nacionales e internacionales para diferentes proyectos. Han colaborado con artistas como Cari\u00f1o, Judeline, VVV [trippin you], Margarita Quebrada, Xenia, Abraham Mateo o Los Manises, y se han convertido en uno de los referentes creativos m\u00e1s interesantes del panorama nacional.<\/p>\n<p>Este ciclo tiene la colaboraci\u00f3n de los grados de Comunicaci\u00f3n Audiovisual y Comunicaci\u00f3n Audiovisual y Periodismo y se enmarca dentro del proyecto de Di\u00e1logos Culturales.<br \/>\nLa entrada es libre pero limitada al aforo de la sala.<\/p>\n<p>Cartel:<\/p>\n<p><a href=\"https:\/\/cultura.umh.es\/files\/2024\/12\/Club-de-cine_2_cartellCASweb.jpg\"><img loading=\"lazy\" class=\"alignnone size-medium wp-image-13832\" src=\"https:\/\/cultura.umh.es\/files\/2024\/12\/Club-de-cine_2_cartellCASweb-212x300.jpg\" alt=\"Cartel del Club Cine UMH\" width=\"212\" height=\"300\" srcset=\"https:\/\/cultura.umh.es\/files\/2024\/12\/Club-de-cine_2_cartellCASweb-212x300.jpg 212w, https:\/\/cultura.umh.es\/files\/2024\/12\/Club-de-cine_2_cartellCASweb-724x1024.jpg 724w, https:\/\/cultura.umh.es\/files\/2024\/12\/Club-de-cine_2_cartellCASweb-768x1086.jpg 768w, https:\/\/cultura.umh.es\/files\/2024\/12\/Club-de-cine_2_cartellCASweb-1086x1536.jpg 1086w, https:\/\/cultura.umh.es\/files\/2024\/12\/Club-de-cine_2_cartellCASweb.jpg 1240w\" sizes=\"(max-width: 212px) 100vw, 212px\" \/><\/a><\/p>","protected":false},"excerpt":{"rendered":"<p>El Vicerrectorado de Cultura, Igualdad y Diversidad de la Universidad Miguel Hern\u00e1ndez de Elche ha puesto en marcha el Club de Cine UMH, un lugar de encuentro de personas especialistas en el s\u00e9ptimo arte el pr\u00f3ximo martes 17 de diciembre, a las 19:30 horas, en la Cinemateca del edificio La Valona del campus de Elche.<br \/>\nContinuamos [&#8230;]<\/p>\n","protected":false},"author":2954,"featured_media":0,"comment_status":"closed","ping_status":"closed","sticky":false,"template":"","format":"standard","meta":{"ngg_post_thumbnail":0,"_links_to":"","_links_to_target":""},"categories":[144],"tags":[1056494],"_links":{"self":[{"href":"https:\/\/cultura.umh.es\/es\/wp-json\/wp\/v2\/posts\/13817"}],"collection":[{"href":"https:\/\/cultura.umh.es\/es\/wp-json\/wp\/v2\/posts"}],"about":[{"href":"https:\/\/cultura.umh.es\/es\/wp-json\/wp\/v2\/types\/post"}],"author":[{"embeddable":true,"href":"https:\/\/cultura.umh.es\/es\/wp-json\/wp\/v2\/users\/2954"}],"replies":[{"embeddable":true,"href":"https:\/\/cultura.umh.es\/es\/wp-json\/wp\/v2\/comments?post=13817"}],"version-history":[{"count":0,"href":"https:\/\/cultura.umh.es\/es\/wp-json\/wp\/v2\/posts\/13817\/revisions"}],"wp:attachment":[{"href":"https:\/\/cultura.umh.es\/es\/wp-json\/wp\/v2\/media?parent=13817"}],"wp:term":[{"taxonomy":"category","embeddable":true,"href":"https:\/\/cultura.umh.es\/es\/wp-json\/wp\/v2\/categories?post=13817"},{"taxonomy":"post_tag","embeddable":true,"href":"https:\/\/cultura.umh.es\/es\/wp-json\/wp\/v2\/tags?post=13817"}],"curies":[{"name":"wp","href":"https:\/\/api.w.org\/{rel}","templated":true}]}}