{"id":13367,"date":"2024-07-10T09:50:53","date_gmt":"2024-07-10T07:50:53","guid":{"rendered":"https:\/\/cultura.umh.es\/?p=13367"},"modified":"2024-07-10T09:54:19","modified_gmt":"2024-07-10T07:54:19","slug":"13367","status":"publish","type":"post","link":"https:\/\/cultura.umh.es\/es\/2024\/07\/10\/13367\/","title":{"rendered":"Concesi\u00f3n provisional de la XIV Beca Mordida"},"content":{"rendered":"<p><a href=\"https:\/\/cultura.umh.es\/files\/2021\/04\/BecaMordida.jpg\"><img loading=\"lazy\" class=\"alignnone size-medium wp-image-10241\" src=\"https:\/\/cultura.umh.es\/files\/2021\/04\/BecaMordida-300x183.jpg\" alt=\"Logo Beca Mordida\" width=\"300\" height=\"183\" srcset=\"https:\/\/cultura.umh.es\/files\/2021\/04\/BecaMordida-300x183.jpg 300w, https:\/\/cultura.umh.es\/files\/2021\/04\/BecaMordida.jpg 369w\" sizes=\"(max-width: 300px) 100vw, 300px\" \/><\/a><\/p>\n<p>Propuesta de concesi\u00f3n provisional de la XIV Beca Mordida de producci\u00f3n de obra gr\u00e1fica para el estudiantado y el estudiantado egresado de la Facultad de Bellas Artes de Altea.<\/p>\n<ul>\n<li><a href=\"https:\/\/boumh.umh.es\/files\/2024\/07\/ES_U05500001_2024_DOCH-0000000000000000000213073.pdf\" target=\"_blank\" rel=\"noopener\">Descargar propuesta de concesi\u00f3n provisional de la XIV Beca Mordida (PDF) 743.10 KB<\/a><\/li>\n<\/ul>\n<p><a href=\"https:\/\/cultura.umh.es\/es\/arts\/convocatorias\/beca-mordida-betanzos-umh\/\">Ir a la p\u00e1gina de la Beca Mordida<\/a><\/p>","protected":false},"excerpt":{"rendered":"<p>Propuesta de concesi\u00f3n provisional de la XIV Beca Mordida de producci\u00f3n de obra gr\u00e1fica para el estudiantado y el estudiantado egresado de la Facultad de Bellas Artes de Altea.<\/p>\n<p>Descargar propuesta de concesi\u00f3n provisional de la XIV Beca Mordida (PDF) 743.10 KB<\/p>\n<p>Ir a la p\u00e1gina de la Beca Mordida<\/p>\n","protected":false},"author":2954,"featured_media":0,"comment_status":"closed","ping_status":"closed","sticky":false,"template":"","format":"standard","meta":{"ngg_post_thumbnail":0,"_links_to":"","_links_to_target":""},"categories":[567],"tags":[363939],"_links":{"self":[{"href":"https:\/\/cultura.umh.es\/es\/wp-json\/wp\/v2\/posts\/13367"}],"collection":[{"href":"https:\/\/cultura.umh.es\/es\/wp-json\/wp\/v2\/posts"}],"about":[{"href":"https:\/\/cultura.umh.es\/es\/wp-json\/wp\/v2\/types\/post"}],"author":[{"embeddable":true,"href":"https:\/\/cultura.umh.es\/es\/wp-json\/wp\/v2\/users\/2954"}],"replies":[{"embeddable":true,"href":"https:\/\/cultura.umh.es\/es\/wp-json\/wp\/v2\/comments?post=13367"}],"version-history":[{"count":0,"href":"https:\/\/cultura.umh.es\/es\/wp-json\/wp\/v2\/posts\/13367\/revisions"}],"wp:attachment":[{"href":"https:\/\/cultura.umh.es\/es\/wp-json\/wp\/v2\/media?parent=13367"}],"wp:term":[{"taxonomy":"category","embeddable":true,"href":"https:\/\/cultura.umh.es\/es\/wp-json\/wp\/v2\/categories?post=13367"},{"taxonomy":"post_tag","embeddable":true,"href":"https:\/\/cultura.umh.es\/es\/wp-json\/wp\/v2\/tags?post=13367"}],"curies":[{"name":"wp","href":"https:\/\/api.w.org\/{rel}","templated":true}]}}