{"id":13325,"date":"2024-06-25T09:02:13","date_gmt":"2024-06-25T07:02:13","guid":{"rendered":"https:\/\/cultura.umh.es\/?p=13325"},"modified":"2024-06-25T09:04:28","modified_gmt":"2024-06-25T07:04:28","slug":"13325","status":"publish","type":"post","link":"https:\/\/cultura.umh.es\/es\/2024\/06\/25\/13325\/","title":{"rendered":"Convocatoria de presentaci\u00f3n de propuestas de Cursos de invierno UMH 2024\/2025"},"content":{"rendered":"<p><a href=\"https:\/\/cultura.umh.es\/files\/2022\/11\/CursosdeInvierno.jpg\"><img loading=\"lazy\" class=\"alignnone size-full wp-image-11827\" src=\"https:\/\/cultura.umh.es\/files\/2022\/11\/CursosdeInvierno.jpg\" alt=\"Banner de Cursos de invierno UMH\" width=\"298\" height=\"192\"><\/a><\/p>\n<p>Resoluci\u00f3n rectoral de la Universidad Miguel Hern\u00e1ndez de Elche por la que se convoca la presentaci\u00f3n de propuestas de Cursos de Invierno UMH, curso acad\u00e9mico 2024\/2025<\/p>\n<p><a href=\"https:\/\/boumh.umh.es\/files\/2024\/06\/RR_01566_2024.pdf\">Descargar Convocatoria de presentaci\u00f3n de propuestas de Cursos de invierno UMH<\/a><\/p>\n<p>Fecha l\u00edmite para presentaci\u00f3n de propuestas: 31 de julio de 2024<\/p>\n<p><a href=\"https:\/\/cultura.umh.es\/es\/cursosdhivern\/\">Ir a la p\u00e1gina de Cursos de invierno UMH<\/a><\/p>","protected":false},"excerpt":{"rendered":"<p>Resoluci\u00f3n rectoral de la Universidad Miguel Hern\u00e1ndez de Elche por la que se convoca la presentaci\u00f3n de propuestas de Cursos de Invierno UMH, curso acad\u00e9mico 2024\/2025<br \/>\nDescargar Convocatoria de presentaci\u00f3n de propuestas de Cursos de invierno UMH<br \/>\nFecha l\u00edmite para presentaci\u00f3n de propuestas: 31 de julio de 2024<br \/>\nIr a la p\u00e1gina de Cursos de invierno UMH<\/p>\n","protected":false},"author":2954,"featured_media":0,"comment_status":"closed","ping_status":"closed","sticky":false,"template":"","format":"standard","meta":{"ngg_post_thumbnail":0,"_links_to":"","_links_to_target":""},"categories":[6],"tags":[55517,44844],"_links":{"self":[{"href":"https:\/\/cultura.umh.es\/es\/wp-json\/wp\/v2\/posts\/13325"}],"collection":[{"href":"https:\/\/cultura.umh.es\/es\/wp-json\/wp\/v2\/posts"}],"about":[{"href":"https:\/\/cultura.umh.es\/es\/wp-json\/wp\/v2\/types\/post"}],"author":[{"embeddable":true,"href":"https:\/\/cultura.umh.es\/es\/wp-json\/wp\/v2\/users\/2954"}],"replies":[{"embeddable":true,"href":"https:\/\/cultura.umh.es\/es\/wp-json\/wp\/v2\/comments?post=13325"}],"version-history":[{"count":0,"href":"https:\/\/cultura.umh.es\/es\/wp-json\/wp\/v2\/posts\/13325\/revisions"}],"wp:attachment":[{"href":"https:\/\/cultura.umh.es\/es\/wp-json\/wp\/v2\/media?parent=13325"}],"wp:term":[{"taxonomy":"category","embeddable":true,"href":"https:\/\/cultura.umh.es\/es\/wp-json\/wp\/v2\/categories?post=13325"},{"taxonomy":"post_tag","embeddable":true,"href":"https:\/\/cultura.umh.es\/es\/wp-json\/wp\/v2\/tags?post=13325"}],"curies":[{"name":"wp","href":"https:\/\/api.w.org\/{rel}","templated":true}]}}