{"id":1326,"date":"2013-02-19T09:00:29","date_gmt":"2013-02-19T08:00:29","guid":{"rendered":"http:\/\/cultura.umh.es\/2013\/02\/21\/mes-de-7-000-persones-visiten-lestand-mag-umh-en-la-fira-internacional-dart-just-mad-de-madrid\/"},"modified":"2023-09-12T11:37:12","modified_gmt":"2023-09-12T09:37:12","slug":"mes-de-7-000-persones-visiten-lestand-mag-umh-en-la-fira-internacional-dart-just-mad-de-madrid","status":"publish","type":"post","link":"https:\/\/cultura.umh.es\/es\/2013\/02\/19\/mes-de-7-000-persones-visiten-lestand-mag-umh-en-la-fira-internacional-dart-just-mad-de-madrid\/","title":{"rendered":"M\u00e1s de 7.000 personas visitan el stand MAG-UMH en la Feria Internacional de Arte Just-Mad de Madrid"},"content":{"rendered":"<p><\/p>\n<p><p><a href=\"https:\/\/cultura.umh.es\/files\/2013\/02\/Esther-Sitges-vicerrectora-de-cultura-y-Juan-Fuster-director-de-la-Mustang-Art-Gallery.jpg\"><img loading=\"lazy\" class=\"alignleft size-full wp-image-1327\" title=\"Esther-Sitges-vicerrectora-de-cultura-y-Juan-Fuster-director-de-la-Mustang-Art-Gallery\" src=\"https:\/\/cultura.umh.es\/files\/2013\/02\/Esther-Sitges-vicerrectora-de-cultura-y-Juan-Fuster-director-de-la-Mustang-Art-Gallery.jpg\" alt=\"\" width=\"302\" height=\"356\" srcset=\"https:\/\/cultura.umh.es\/files\/2013\/02\/Esther-Sitges-vicerrectora-de-cultura-y-Juan-Fuster-director-de-la-Mustang-Art-Gallery.jpg 504w, https:\/\/cultura.umh.es\/files\/2013\/02\/Esther-Sitges-vicerrectora-de-cultura-y-Juan-Fuster-director-de-la-Mustang-Art-Gallery-254x300.jpg 254w\" sizes=\"(max-width: 302px) 100vw, 302px\" \/><\/a><\/p>\n<p>El proyecto ganador de la primera edici\u00f3n de la Beca Puenting, convocada por Mustang y la Universidad Miguel Hern\u00e1ndez (UMH) de Elche, ha sido el protagonista de la secci\u00f3n Just Campus de la Feria Internacional de Arte Just Mad, que se ha celebrado en Madrid del 14 al 17 de febrero. El trabajo \u201cPlantas El\u00e9ctricas\u2019 de la egresada de la UMH  Miriam Mart\u00ednez Guirao se ha expuesto en esta feria en el stand MAG-UMH por el que han pasado unas 7.000 personas. Este stand, en el que tambi\u00e9n se ofreci\u00f3 informaci\u00f3n de la UMH, fue inaugurado por la vicerrectora de Cultura y Extensi\u00f3n Universitaria, Esther Sitges.<\/p>\n<p>La Beca Puenting es una iniciativa de Mustang Art Gallery y de la Facultad de Bellas Artes, que cuenta con el apoyo del Vicerrectorado de Cultura y Extensi\u00f3n Universitaria y el Departamento de Arte de la UMH. La<\/p>\n<p>beca busca generar un puente de conexi\u00f3n entre la formaci\u00f3n que se imparte en la universidad y la profesionalizaci\u00f3n en el \u00e1mbito de la producci\u00f3n art\u00edstica.<\/p>\n<\/p>\n<p><\/p>","protected":false},"excerpt":{"rendered":"<p>El proyecto ganador de la primera edici\u00f3n de la Beca Puenting, convocada por Mustang y la Universidad Miguel Hern\u00e1ndez (UMH) de Elche, ha sido el protagonista de la secci\u00f3n Just Campus de la Feria Internacional de Arte Just Mad, que se ha celebrado en Madrid del 14 al 17 de febrero. El trabajo \u201cPlantas El\u00e9ctricas\u2019 [&#8230;]<\/p>\n","protected":false},"author":2722,"featured_media":0,"comment_status":"closed","ping_status":"closed","sticky":false,"template":"","format":"standard","meta":{"ngg_post_thumbnail":0,"_links_to":"","_links_to_target":""},"categories":[567],"tags":[45618],"_links":{"self":[{"href":"https:\/\/cultura.umh.es\/es\/wp-json\/wp\/v2\/posts\/1326"}],"collection":[{"href":"https:\/\/cultura.umh.es\/es\/wp-json\/wp\/v2\/posts"}],"about":[{"href":"https:\/\/cultura.umh.es\/es\/wp-json\/wp\/v2\/types\/post"}],"author":[{"embeddable":true,"href":"https:\/\/cultura.umh.es\/es\/wp-json\/wp\/v2\/users\/2722"}],"replies":[{"embeddable":true,"href":"https:\/\/cultura.umh.es\/es\/wp-json\/wp\/v2\/comments?post=1326"}],"version-history":[{"count":0,"href":"https:\/\/cultura.umh.es\/es\/wp-json\/wp\/v2\/posts\/1326\/revisions"}],"wp:attachment":[{"href":"https:\/\/cultura.umh.es\/es\/wp-json\/wp\/v2\/media?parent=1326"}],"wp:term":[{"taxonomy":"category","embeddable":true,"href":"https:\/\/cultura.umh.es\/es\/wp-json\/wp\/v2\/categories?post=1326"},{"taxonomy":"post_tag","embeddable":true,"href":"https:\/\/cultura.umh.es\/es\/wp-json\/wp\/v2\/tags?post=1326"}],"curies":[{"name":"wp","href":"https:\/\/api.w.org\/{rel}","templated":true}]}}