{"id":13227,"date":"2024-05-14T12:12:13","date_gmt":"2024-05-14T10:12:13","guid":{"rendered":"https:\/\/cultura.umh.es\/?p=13227"},"modified":"2025-06-20T13:03:09","modified_gmt":"2025-06-20T11:03:09","slug":"concert-casa-mediterrani","status":"publish","type":"post","link":"https:\/\/cultura.umh.es\/es\/2024\/05\/14\/concert-casa-mediterrani\/","title":{"rendered":"Concierto de la JOUMH"},"content":{"rendered":"<p><a href=\"https:\/\/cultura.umh.es\/files\/2024\/05\/Concierto-Casa-Mediterraneo_bannerCAS.png\"><img loading=\"lazy\" class=\"alignnone size-medium wp-image-13206\" src=\"https:\/\/cultura.umh.es\/files\/2024\/05\/Concierto-Casa-Mediterraneo_bannerCAS-300x183.png\" alt=\"\" width=\"300\" height=\"183\" srcset=\"https:\/\/cultura.umh.es\/files\/2024\/05\/Concierto-Casa-Mediterraneo_bannerCAS-300x183.png 300w, https:\/\/cultura.umh.es\/files\/2024\/05\/Concierto-Casa-Mediterraneo_bannerCAS.png 369w\" sizes=\"(max-width: 300px) 100vw, 300px\" \/><\/a><\/p>\n<p>Te invitamos al emocionante Concierto<em> La M\u00fasica y el Mediterr\u00e1neo. Compositores de cine<\/em> dirigido por Francisco Serra Mart\u00ednez. Este evento \u00fanico tendr\u00e1 lugar el 31 de mayo de 2024 a las 20:00 horas en la Casa Mediterr\u00e1neo en Alicante.<\/p>\n<p>Sum\u00e9rgete en un viaje musical a trav\u00e9s del Mediterr\u00e1neo mientras la Joven Orquesta Universidad Miguel Hern\u00e1ndez interpreta obras de destacados compositores de cine bajo la batuta del maestro Francisco Serra Mart\u00ednez.<\/p>\n<p>La entrada es libre hasta completar aforo, as\u00ed que aseg\u00farate de llegar temprano para garantizar tu asistencia a esta experiencia cultural inolvidable.<\/p>\n<p>\u00a1No te pierdas esta oportunidad de disfrutar de la magia de la m\u00fasica en un entorno tan inspirador como la Casa Mediterr\u00e1neo en Alicante!<\/p>\n<p><strong>Repertorio:<\/strong><\/p>\n<p><strong><em>La M\u00fasica y el Mediterr\u00e1neo. Compositores de cine<\/em><\/strong><\/p>\n<ul>\n<li><strong><em>El \u00e9xtasis del oro<\/em><\/strong> (<em>El Bueno, el Feo y el Malo<\/em>) de Ennio Morricone<\/li>\n<li><strong><em>Malena<\/em><\/strong> de Ennio Morricone<\/li>\n<li><strong><em>El oboe de Gabriel<\/em><\/strong> (<em>La Misi\u00f3n<\/em>) de Ennio Morricone\n<ul>\n<li>Carla Pardo, oboe<\/li>\n<\/ul>\n<\/li>\n<li><strong><em>Cinema Paradiso<\/em><\/strong> de Ennio Morricone<\/li>\n<li><em><strong>\u00c9rase una vez en Am\u00e9rica<\/strong><\/em> de Ennio Morricone<\/li>\n<li><em><strong>El cartero y Pablo Neruda<\/strong><\/em> de Luis Bacalov\n<ul>\n<li>Carmen Azor\u00edn, acorde\u00f3n<\/li>\n<\/ul>\n<\/li>\n<li><em><strong>Am\u00e9lie vals<\/strong><\/em> (Am\u00e9lie) de Yann Tiersen\n<ul>\n<li>Carmen Azor\u00edn, acorde\u00f3n<\/li>\n<\/ul>\n<\/li>\n<li><em><strong>Camille&#8217;s Theme<\/strong><\/em> (Millennium: Lo que no te mata te hace m\u00e1s fuerte) de Roque Ba\u00f1os<\/li>\n<li><strong><em>La vida es bella<\/em><\/strong> de Nicola Piovanni<\/li>\n<\/ul>\n<p>Director: Francisco Serra Mart\u00ednez<\/p>\n<p><a href=\"https:\/\/drive.google.com\/file\/d\/10gOYOwfRnf7cRvg90_Ga3RdHMic0dN2O\/view?usp=sharing\" target=\"_blank\" rel=\"noopener\">Descarga el programa (PDF) 2.5 MB<\/a><\/p>\n<p>&nbsp;<\/p>\n<p><a href=\"https:\/\/cultura.umh.es\/files\/2024\/05\/Concierto-Casa-Mediterraneo_cartelVALweb.jpg\"><img loading=\"lazy\" class=\"alignnone size-medium wp-image-13261\" src=\"https:\/\/cultura.umh.es\/files\/2024\/05\/Concierto-Casa-Mediterraneo_cartelVALweb-212x300.jpg\" alt=\"Cartel de la JOUMH en Casa Meditarr\u00e1neo\" width=\"212\" height=\"300\" srcset=\"https:\/\/cultura.umh.es\/files\/2024\/05\/Concierto-Casa-Mediterraneo_cartelVALweb-212x300.jpg 212w, https:\/\/cultura.umh.es\/files\/2024\/05\/Concierto-Casa-Mediterraneo_cartelVALweb-724x1024.jpg 724w, https:\/\/cultura.umh.es\/files\/2024\/05\/Concierto-Casa-Mediterraneo_cartelVALweb-768x1086.jpg 768w, https:\/\/cultura.umh.es\/files\/2024\/05\/Concierto-Casa-Mediterraneo_cartelVALweb-1086x1536.jpg 1086w, https:\/\/cultura.umh.es\/files\/2024\/05\/Concierto-Casa-Mediterraneo_cartelVALweb.jpg 1240w\" sizes=\"(max-width: 212px) 100vw, 212px\" \/><\/a><\/p>\n<p>&nbsp;<\/p>","protected":false},"excerpt":{"rendered":"<p>Te invitamos al emocionante Concierto La M\u00fasica y el Mediterr\u00e1neo. Compositores de cine dirigido por Francisco Serra Mart\u00ednez. Este evento \u00fanico tendr\u00e1 lugar el 31 de mayo de 2024 a las 20:00 horas en la Casa Mediterr\u00e1neo en Alicante.<br \/>\nSum\u00e9rgete en un viaje musical a trav\u00e9s del Mediterr\u00e1neo mientras la Joven Orquesta Universidad Miguel Hern\u00e1ndez interpreta [&#8230;]<\/p>\n","protected":false},"author":28110,"featured_media":0,"comment_status":"closed","ping_status":"closed","sticky":false,"template":"","format":"standard","meta":{"ngg_post_thumbnail":0,"_links_to":"","_links_to_target":""},"categories":[55515],"tags":[44426],"_links":{"self":[{"href":"https:\/\/cultura.umh.es\/es\/wp-json\/wp\/v2\/posts\/13227"}],"collection":[{"href":"https:\/\/cultura.umh.es\/es\/wp-json\/wp\/v2\/posts"}],"about":[{"href":"https:\/\/cultura.umh.es\/es\/wp-json\/wp\/v2\/types\/post"}],"author":[{"embeddable":true,"href":"https:\/\/cultura.umh.es\/es\/wp-json\/wp\/v2\/users\/28110"}],"replies":[{"embeddable":true,"href":"https:\/\/cultura.umh.es\/es\/wp-json\/wp\/v2\/comments?post=13227"}],"version-history":[{"count":0,"href":"https:\/\/cultura.umh.es\/es\/wp-json\/wp\/v2\/posts\/13227\/revisions"}],"wp:attachment":[{"href":"https:\/\/cultura.umh.es\/es\/wp-json\/wp\/v2\/media?parent=13227"}],"wp:term":[{"taxonomy":"category","embeddable":true,"href":"https:\/\/cultura.umh.es\/es\/wp-json\/wp\/v2\/categories?post=13227"},{"taxonomy":"post_tag","embeddable":true,"href":"https:\/\/cultura.umh.es\/es\/wp-json\/wp\/v2\/tags?post=13227"}],"curies":[{"name":"wp","href":"https:\/\/api.w.org\/{rel}","templated":true}]}}