{"id":12668,"date":"2023-10-26T10:02:23","date_gmt":"2023-10-26T08:02:23","guid":{"rendered":"https:\/\/cultura.umh.es\/?p=12668"},"modified":"2023-11-08T13:47:39","modified_gmt":"2023-11-08T12:47:39","slug":"presentacio-club-de-lectura-umh","status":"publish","type":"post","link":"https:\/\/cultura.umh.es\/es\/2023\/10\/26\/presentacio-club-de-lectura-umh\/","title":{"rendered":"Presentaci\u00f3n club de lectura UMH"},"content":{"rendered":"<p><a href=\"https:\/\/cultura.umh.es\/files\/2023\/10\/thought-catalog-o0Qqw21-0NI-unsplash-scaled.jpg\"><img loading=\"lazy\" class=\" wp-image-12677 aligncenter\" src=\"https:\/\/cultura.umh.es\/files\/2023\/10\/thought-catalog-o0Qqw21-0NI-unsplash-1024x683.jpg\" alt=\"\" width=\"661\" height=\"441\" srcset=\"https:\/\/cultura.umh.es\/files\/2023\/10\/thought-catalog-o0Qqw21-0NI-unsplash-1024x683.jpg 1024w, https:\/\/cultura.umh.es\/files\/2023\/10\/thought-catalog-o0Qqw21-0NI-unsplash-300x200.jpg 300w, https:\/\/cultura.umh.es\/files\/2023\/10\/thought-catalog-o0Qqw21-0NI-unsplash-768x512.jpg 768w, https:\/\/cultura.umh.es\/files\/2023\/10\/thought-catalog-o0Qqw21-0NI-unsplash-1536x1024.jpg 1536w, https:\/\/cultura.umh.es\/files\/2023\/10\/thought-catalog-o0Qqw21-0NI-unsplash-2048x1365.jpg 2048w\" sizes=\"(max-width: 661px) 100vw, 661px\" \/><\/a><\/p>\n<p>&nbsp;<\/p>\n<p><strong>Martes, 31 de octubre a las 17:30 horas en la b<\/strong><strong>iblioteca del edificio Altabix, campus de Elche.<\/strong><\/p>\n<p>\u00bfEres un apasionado de la lectura y te encanta debatir sobre libros? \u00bfQuieres sumergirte en las historias y los personajes de la literatura? Entonces, tienes una cita que no querr\u00e1s perderte: \u00a1la presentaci\u00f3n del club de lectura de la Universidad Miguel Hern\u00e1ndez!<\/p>\n<p>En esta presentaci\u00f3n, los amantes de la lectura se reunir\u00e1n para explorar juntos la obra <em>\u00daltimos d\u00edas en Berl\u00edn<\/em>&nbsp;de Paloma S\u00e1nchez-Garnica.<\/p>\n<p>Aqu\u00ed, todos son bienvenidos, desde lectores \u00e1vidos hasta aquellos que deseen sumergirse en la experiencia literaria por primera vez. Nuestra diversidad es nuestro mayor tesoro, y cada perspectiva enriquece nuestras discusiones. \u00a1Te esperamos en la Biblioteca del edificio Altabix en el campus de Elche, el martes 31 de octubre a las 17:30 horas! Trae tu pasi\u00f3n por la lectura y tu entusiasmo por compartir ideas.<\/p>\n<p>Este evento est\u00e1 englobado dentro de las <a href=\"https:\/\/cultura.umh.es\/es\/activitats\/activitats-de-benvinguda\/\">Actividades de bienvenida UMH.<\/a><\/p>\n<p>Para obtener m\u00e1s informaci\u00f3n, visita el <a href=\"https:\/\/biblioteca.umh.es\/servicios-2\/club-de-lectura\/\">sitio web del Club de Lectura<\/a>.<\/p>\n<p><a href=\"https:\/\/cultura.umh.es\/files\/2023\/10\/F9MKkR2W0AA29uq.jpg\"><img loading=\"lazy\" class=\"alignnone wp-image-12671\" src=\"https:\/\/cultura.umh.es\/files\/2023\/10\/F9MKkR2W0AA29uq-730x1024.jpg\" alt=\"\" width=\"528\" height=\"741\" srcset=\"https:\/\/cultura.umh.es\/files\/2023\/10\/F9MKkR2W0AA29uq-730x1024.jpg 730w, https:\/\/cultura.umh.es\/files\/2023\/10\/F9MKkR2W0AA29uq-214x300.jpg 214w, https:\/\/cultura.umh.es\/files\/2023\/10\/F9MKkR2W0AA29uq-768x1078.jpg 768w, https:\/\/cultura.umh.es\/files\/2023\/10\/F9MKkR2W0AA29uq.jpg 855w\" sizes=\"(max-width: 528px) 100vw, 528px\" \/><\/a><\/p>","protected":false},"excerpt":{"rendered":"<p>&nbsp;<br \/>\nMartes, 31 de octubre a las 17:30 horas en la biblioteca del edificio Altabix, campus de Elche.<br \/>\n\u00bfEres un apasionado de la lectura y te encanta debatir sobre libros? \u00bfQuieres sumergirte en las historias y los personajes de la literatura? Entonces, tienes una cita que no querr\u00e1s perderte: \u00a1la presentaci\u00f3n del club de lectura de la [&#8230;]<\/p>\n","protected":false},"author":25762,"featured_media":0,"comment_status":"closed","ping_status":"closed","sticky":false,"template":"","format":"standard","meta":{"ngg_post_thumbnail":0,"_links_to":"","_links_to_target":""},"categories":[350],"tags":[3425],"_links":{"self":[{"href":"https:\/\/cultura.umh.es\/es\/wp-json\/wp\/v2\/posts\/12668"}],"collection":[{"href":"https:\/\/cultura.umh.es\/es\/wp-json\/wp\/v2\/posts"}],"about":[{"href":"https:\/\/cultura.umh.es\/es\/wp-json\/wp\/v2\/types\/post"}],"author":[{"embeddable":true,"href":"https:\/\/cultura.umh.es\/es\/wp-json\/wp\/v2\/users\/25762"}],"replies":[{"embeddable":true,"href":"https:\/\/cultura.umh.es\/es\/wp-json\/wp\/v2\/comments?post=12668"}],"version-history":[{"count":0,"href":"https:\/\/cultura.umh.es\/es\/wp-json\/wp\/v2\/posts\/12668\/revisions"}],"wp:attachment":[{"href":"https:\/\/cultura.umh.es\/es\/wp-json\/wp\/v2\/media?parent=12668"}],"wp:term":[{"taxonomy":"category","embeddable":true,"href":"https:\/\/cultura.umh.es\/es\/wp-json\/wp\/v2\/categories?post=12668"},{"taxonomy":"post_tag","embeddable":true,"href":"https:\/\/cultura.umh.es\/es\/wp-json\/wp\/v2\/tags?post=12668"}],"curies":[{"name":"wp","href":"https:\/\/api.w.org\/{rel}","templated":true}]}}