{"id":12615,"date":"2023-10-18T14:00:39","date_gmt":"2023-10-18T12:00:39","guid":{"rendered":"https:\/\/cultura.umh.es\/?p=12615"},"modified":"2025-06-16T13:55:45","modified_gmt":"2025-06-16T11:55:45","slug":"xvii-mostra-de-musica-en-valencia-2","status":"publish","type":"post","link":"https:\/\/cultura.umh.es\/es\/2023\/10\/18\/xvii-mostra-de-musica-en-valencia-2\/","title":{"rendered":"XVIII Mostra de m\u00fasica en valenci\u00e0"},"content":{"rendered":"<p><a href=\"https:\/\/cultura.umh.es\/files\/2023\/10\/XVIII_MostraMusicaValencia_banner-1.jpg\"><img loading=\"lazy\" class=\"size-large wp-image-12638 aligncenter\" src=\"https:\/\/cultura.umh.es\/files\/2023\/10\/XVIII_MostraMusicaValencia_banner-1-1024x625.jpg\" alt=\"\" width=\"1024\" height=\"625\" srcset=\"https:\/\/cultura.umh.es\/files\/2023\/10\/XVIII_MostraMusicaValencia_banner-1-1024x625.jpg 1024w, https:\/\/cultura.umh.es\/files\/2023\/10\/XVIII_MostraMusicaValencia_banner-1-300x183.jpg 300w, https:\/\/cultura.umh.es\/files\/2023\/10\/XVIII_MostraMusicaValencia_banner-1-768x468.jpg 768w, https:\/\/cultura.umh.es\/files\/2023\/10\/XVIII_MostraMusicaValencia_banner-1-1536x937.jpg 1536w, https:\/\/cultura.umh.es\/files\/2023\/10\/XVIII_MostraMusicaValencia_banner-1.jpg 1538w\" sizes=\"(max-width: 1024px) 100vw, 1024px\" \/><\/a><\/p>\n<p>&nbsp;<\/p>\n<h3>XVIII Edici\u00f3n de la <strong>Mostra de m\u00fasica en valenci\u00e0 UMH<\/strong><\/h3>\n<p>Jueves 26 de octubre 2023 a las 20.30 horas.<br \/>\nEn La Llotja Sala Cultural de Elche.<\/p>\n<p>Entrada gratuita hasta completar aforo.<\/p>\n<p>Grupos:<\/p>\n<ul>\n<li><strong>Sa Pena<\/strong> &#8211; <a href=\"https:\/\/www.youtube.com\/@sapena627\">Ver v\u00eddeos del grupo Sa Pena<\/a><\/li>\n<li><strong>Oce\u00e4ns<\/strong> &#8211; <a href=\"https:\/\/www.youtube.com\/@oceansgrup\">Ver v\u00eddeos del grupo Oce\u00e4ns<\/a><\/li>\n<li><strong>Ones<\/strong> &#8211; <a href=\"https:\/\/www.youtube.com\/@onesbanda\">Ver v\u00eddeos del grupo Ones<\/a><\/li>\n<\/ul>\n<p>&nbsp;<\/p>\n<p>El Vicerrectorado de Cultura, Igualdad y Diversidad organiza la <strong>XVIII Mostra de m\u00fasica en valenci\u00e0<\/strong> el pr\u00f3ximo jueves 26, a las 20.30 horas, en La Llotja Sala Cultural, con la colaboraci\u00f3n del Ayuntamiento de Elche.<\/p>\n<p>C\u00f3mo ocurre a\u00f1o tras a\u00f1o, la <em>Mostra de M\u00fasica en Valenci\u00e0<\/em> de la UMH despliega sus sinton\u00edas este a\u00f1o en forma de rap, <em>pop-rock indie<\/em> y m\u00fasica urbana con toques de ritmos latinos, y lo har\u00e1 en la sala cultural La Llotja, en el barrio de Altabix de Elche, dentro del marco de las <a href=\"https:\/\/cultura.umh.es\/activitats\/activitats-de-benvinguda\/\">Actividades de Bienvenida UMH<\/a> para el curso acad\u00e9mico 2023-2024.<\/p>\n<p>Los grupos que tocar\u00e1n en esta edici\u00f3n de la Muestra son <strong>Sa Pena<\/strong>, un d\u00fao musical creado el 2022 que cantan rap, el cual ya ha publicado 4 sencillos, adem\u00e1s de un \u00e1lbum de este a\u00f1o titulado <em>Principios<\/em>. A continuaci\u00f3n disfrutaremos de <strong>Oce\u00e4ns<\/strong>, un grupo de la Safor de m\u00fasica urbana, de car\u00e1cter festivo e influenciado de ritmos latinos.<\/p>\n<p>Y para completar el concierto, <strong>Ones<\/strong>, un grupo alzire\u00f1o que va a caballo entre el <em>rock<\/em>, el <em>pop<\/em> y el <em>indie<\/em>, el cual est\u00e1 compuesto por cinco instrumentistas y un vocalista; y es que este conjunto musical, Ones, afirma que toma el nombre de la calma del mar Mediterr\u00e1neo.<\/p>\n<p>As\u00ed que tanto si te apetece desconectar de tu rutina moment\u00e1neamente como si sencillamente est\u00e1s atento a la agenda cultural universitaria, p\u00e1sate \u2014sea a solas o acompa\u00f1ado\u2014 y desl\u00edgate de todo estr\u00e9s ech\u00e1ndote a volar con las melod\u00edas m\u00e1s urbanas y el\u00e9ctricas de la actualidad musical, sensaciones que har\u00e1n que cojas con m\u00e1s entusiasmo tus tareas cotidianas. !Venga!, los grupos te esperan en primera persona.<\/p>\n<p>Cartel:<\/p>\n<p><a href=\"https:\/\/cultura.umh.es\/files\/2023\/10\/XVIII_MostraMusicaValencia_cartel_web.jpg\"><img loading=\"lazy\" class=\"alignnone size-large wp-image-12641\" src=\"https:\/\/cultura.umh.es\/files\/2023\/10\/XVIII_MostraMusicaValencia_cartel_web-724x1024.jpg\" alt=\"\" width=\"724\" height=\"1024\" srcset=\"https:\/\/cultura.umh.es\/files\/2023\/10\/XVIII_MostraMusicaValencia_cartel_web-724x1024.jpg 724w, https:\/\/cultura.umh.es\/files\/2023\/10\/XVIII_MostraMusicaValencia_cartel_web-212x300.jpg 212w, https:\/\/cultura.umh.es\/files\/2023\/10\/XVIII_MostraMusicaValencia_cartel_web-768x1086.jpg 768w, https:\/\/cultura.umh.es\/files\/2023\/10\/XVIII_MostraMusicaValencia_cartel_web-1086x1536.jpg 1086w, https:\/\/cultura.umh.es\/files\/2023\/10\/XVIII_MostraMusicaValencia_cartel_web.jpg 1240w\" sizes=\"(max-width: 724px) 100vw, 724px\" \/><\/a>&nbsp;<\/p>","protected":false},"excerpt":{"rendered":"<p>&nbsp;<br \/>\nXVIII Edici\u00f3n de la Mostra de m\u00fasica en valenci\u00e0 UMH<br \/>\nJueves 26 de octubre 2023 a las 20.30 horas.<br \/>\nEn La Llotja Sala Cultural de Elche.<br \/>\nEntrada gratuita hasta completar aforo.<br \/>\nGrupos:<\/p>\n<p>Sa Pena &#8211; Ver v\u00eddeos del grupo Sa Pena<br \/>\nOce\u00e4ns &#8211; Ver v\u00eddeos del grupo Oce\u00e4ns<br \/>\nOnes &#8211; Ver v\u00eddeos del grupo Ones<\/p>\n<p>&nbsp;<br \/>\nEl Vicerrectorado de Cultura, Igualdad y Diversidad organiza [&#8230;]<\/p>\n","protected":false},"author":25762,"featured_media":0,"comment_status":"closed","ping_status":"closed","sticky":false,"template":"","format":"standard","meta":{"ngg_post_thumbnail":0,"_links_to":"","_links_to_target":""},"categories":[55515],"tags":[363956],"_links":{"self":[{"href":"https:\/\/cultura.umh.es\/es\/wp-json\/wp\/v2\/posts\/12615"}],"collection":[{"href":"https:\/\/cultura.umh.es\/es\/wp-json\/wp\/v2\/posts"}],"about":[{"href":"https:\/\/cultura.umh.es\/es\/wp-json\/wp\/v2\/types\/post"}],"author":[{"embeddable":true,"href":"https:\/\/cultura.umh.es\/es\/wp-json\/wp\/v2\/users\/25762"}],"replies":[{"embeddable":true,"href":"https:\/\/cultura.umh.es\/es\/wp-json\/wp\/v2\/comments?post=12615"}],"version-history":[{"count":0,"href":"https:\/\/cultura.umh.es\/es\/wp-json\/wp\/v2\/posts\/12615\/revisions"}],"wp:attachment":[{"href":"https:\/\/cultura.umh.es\/es\/wp-json\/wp\/v2\/media?parent=12615"}],"wp:term":[{"taxonomy":"category","embeddable":true,"href":"https:\/\/cultura.umh.es\/es\/wp-json\/wp\/v2\/categories?post=12615"},{"taxonomy":"post_tag","embeddable":true,"href":"https:\/\/cultura.umh.es\/es\/wp-json\/wp\/v2\/tags?post=12615"}],"curies":[{"name":"wp","href":"https:\/\/api.w.org\/{rel}","templated":true}]}}