{"id":12589,"date":"2023-10-11T11:25:55","date_gmt":"2023-10-11T09:25:55","guid":{"rendered":"https:\/\/cultura.umh.es\/?p=12589"},"modified":"2025-06-16T13:56:10","modified_gmt":"2025-06-16T11:56:10","slug":"espanol-cursos-y-participacion-compania-de-teatro-umh","status":"publish","type":"post","link":"https:\/\/cultura.umh.es\/es\/2023\/10\/11\/espanol-cursos-y-participacion-compania-de-teatro-umh\/","title":{"rendered":"Cursos y participaci\u00f3n Compa\u00f1\u00eda de Teatro UMH"},"content":{"rendered":"<p><a href=\"https:\/\/cultura.umh.es\/files\/2022\/10\/CursosTeatro_novedadesCAS.jpg\"><img loading=\"lazy\" class=\"size-full wp-image-11787 aligncenter\" src=\"https:\/\/cultura.umh.es\/files\/2022\/10\/CursosTeatro_novedadesCAS.jpg\" alt=\"Banner Cursos y participaci\u00f3n Compa\u00f1\u00eda de Teatro UMH\" width=\"369\" height=\"225\" srcset=\"https:\/\/cultura.umh.es\/files\/2022\/10\/CursosTeatro_novedadesCAS.jpg 369w, https:\/\/cultura.umh.es\/files\/2022\/10\/CursosTeatro_novedadesCAS-300x183.jpg 300w\" sizes=\"(max-width: 369px) 100vw, 369px\" \/><\/a><\/p>\n<p><strong>Plazos de inscripci\u00f3n abiertos.<\/strong><br \/>\n<strong>Con reconocimiento de cr\u00e9ditos ECTS.<\/strong><br \/>\n<strong>Actividades gratuitas y con plazas limitadas.<\/strong><br \/>\n<strong>Para participar en la Compa\u00f1\u00eda de Teatro UMH se valorarar\u00e1 positivamente realizar los cursos.<\/strong><br \/>\n<strong>Para realizar la preinscripci\u00f3n, en \u00abTipo de ense\u00f1anza\u00bb seleccionar \u00abActividades de Extensi\u00f3n Universitaria\u00bb y a continuaci\u00f3n el curso de su inter\u00e9s.<\/strong><\/p>\n<p>Inscripciones a la compa\u00f1\u00eda hasta el 31 de octubre:<\/p>\n<ul>\n<li><a href=\"https:\/\/umh.es\/contenido\/estudios\/:tit_fpo_14764\/datos_val.html\" target=\"_blank\" rel=\"noopener\">Compa\u00f1\u00eda de Teatro UMH, campus de Altea<\/a><\/li>\n<li><a href=\"https:\/\/www.umh.es\/contenido\/estudios\/:tit_fpo_14763\/datos_val.html\">Compa\u00f1\u00eda de Teatro UMH, campus de Elche<\/a><\/li>\n<\/ul>\n<p>&nbsp;<\/p>\n<p>Cursos de 12 horas, inscripciones<strong> hasta una semana antes<\/strong> del comienzo:<\/p>\n<p><em><strong>Improvisaci\u00f3n teatral, un arte para la vida.<\/strong><\/em><\/p>\n<ul>\n<li><a href=\"https:\/\/umh.es\/contenido\/Estudios\/:tit_fpo_14766\/datos_es.html\" target=\"_blank\" rel=\"noopener\" data-saferedirecturl=\"https:\/\/www.google.com\/url?q=https:\/\/umh.es\/contenido\/Estudios\/:tit_fpo_14766\/datos_es.html&amp;source=gmail&amp;ust=1697094602390000&amp;usg=AOvVaw10mmU4xXlQIfrFT1DnTZWT\">Improvisaci\u00f3n teatral, un arte para la vida. Campus de Sant Joan d&#8217;Alacant<\/a>, del 6 al 11 noviembre de 2023&nbsp;<\/li>\n<li><a href=\"https:\/\/umh.es\/contenido\/Estudios\/:tit_fpo_14767\/datos_es.html\" target=\"_blank\" rel=\"noopener\" data-saferedirecturl=\"https:\/\/www.google.com\/url?q=https:\/\/umh.es\/contenido\/Estudios\/:tit_fpo_14767\/datos_es.html&amp;source=gmail&amp;ust=1697094602390000&amp;usg=AOvVaw0Ipy4cW1PI9f5dACgwHM0w\">Improvisaci\u00f3n teatral, un arte para la vida. Campus de Elche<\/a>, del 8 al 29 noviembre de 2023&nbsp;<\/li>\n<li><a href=\"https:\/\/umh.es\/contenido\/Estudios\/:tit_fpo_14768\/datos_es.html\" target=\"_blank\" rel=\"noopener\" data-saferedirecturl=\"https:\/\/www.google.com\/url?q=https:\/\/umh.es\/contenido\/Estudios\/:tit_fpo_14768\/datos_es.html&amp;source=gmail&amp;ust=1697094602390000&amp;usg=AOvVaw2ool0Xc107Usg0hvOe-FZd\">Improvisaci\u00f3n teatral, un arte para la vida. Campus de Orihuela<\/a>, del 9 al 30 noviembre de 2023&nbsp;<\/li>\n<li><a href=\"https:\/\/umh.es\/contenido\/Estudios\/:tit_fpo_14765\/datos_es.html\" target=\"_blank\" rel=\"noopener\" data-saferedirecturl=\"https:\/\/www.google.com\/url?q=https:\/\/umh.es\/contenido\/Estudios\/:tit_fpo_14765\/datos_es.html&amp;source=gmail&amp;ust=1697094602390000&amp;usg=AOvVaw0Wl63aGgYbSABvffV_VrDl\">Improvisaci\u00f3n teatral, un arte para la vida. Campus de Altea<\/a>, del 16 noviembre al 14 diciembre de 2023&nbsp;<\/li>\n<\/ul>\n<p>&nbsp;<\/p>\n<p>&nbsp;<\/p>\n<p><em><strong>Tu voz, una potente herramienta de comunicaci\u00f3n.<\/strong><\/em><\/p>\n<ul>\n<li><a href=\"https:\/\/umh.es\/contenido\/Estudios\/:tit_fpo_14770\/datos_es.html\" target=\"_blank\" rel=\"noopener\" data-saferedirecturl=\"https:\/\/www.google.com\/url?q=https:\/\/umh.es\/contenido\/Estudios\/:tit_fpo_14770\/datos_es.html&amp;source=gmail&amp;ust=1697094602390000&amp;usg=AOvVaw03s2ucd7FZXLMkDkTGluId\">Tu voz, una potente herramienta de comunicaci\u00f3n. Campus de Sant Joan d&#8217;Alacant<\/a>, del 5 al 26 febrero de 2024<\/li>\n<li><a href=\"https:\/\/umh.es\/contenido\/Estudios\/:tit_fpo_14773\/datos_es.html\" target=\"_blank\" rel=\"noopener\" data-saferedirecturl=\"https:\/\/www.google.com\/url?q=https:\/\/umh.es\/contenido\/Estudios\/:tit_fpo_14773\/datos_es.html&amp;source=gmail&amp;ust=1697094602390000&amp;usg=AOvVaw2fQMz_zOzqd-eWLfqLhunj\">Tu voz, una potente herramienta de comunicaci\u00f3n. Campus de Elche<\/a>, del 7 al 28 febrero de 2024&nbsp;<\/li>\n<li><a href=\"https:\/\/umh.es\/contenido\/Estudios\/:tit_fpo_14769\/datos_es.html\" target=\"_blank\" rel=\"noopener\" data-saferedirecturl=\"https:\/\/www.google.com\/url?q=https:\/\/umh.es\/contenido\/Estudios\/:tit_fpo_14769\/datos_es.html&amp;source=gmail&amp;ust=1697094602390000&amp;usg=AOvVaw1rKjHRq1uRL0HtUU4K5CaP\">Tu voz, una potente herramienta de comunicaci\u00f3n. Campus de Altea<\/a>, del 8 al 29 febrero de 2024<\/li>\n<li><a href=\"https:\/\/umh.es\/contenido\/Estudios\/:tit_fpo_14774\/datos_es.html\" target=\"_blank\" rel=\"noopener\" data-saferedirecturl=\"https:\/\/www.google.com\/url?q=https:\/\/umh.es\/contenido\/Estudios\/:tit_fpo_14774\/datos_es.html&amp;source=gmail&amp;ust=1697094602390000&amp;usg=AOvVaw0lUFZM3NsdLqruNLkd9WEC\">Tu voz, una potente herramienta de comunicaci\u00f3n. Campus de Orihuela<\/a>, del 8 al 29 febrero de 2024<\/li>\n<\/ul>\n<p>&nbsp;<\/p>\n<p>Si quieres m\u00e1s informaci\u00f3n escr\u00edbenos al correo electr\u00f3nico&nbsp;<a class=\"mail-link\" href=\"mailto:cultura@umh.es\" target=\"_blank\" rel=\"noopener\" data-enc-email=\"phyghen[at]hzu.rf\" data-wpel-link=\"ignore\"><span id=\"eeb-99372-528075\">cultura@umh.es<\/span><\/a><\/p>","protected":false},"excerpt":{"rendered":"<p>Plazos de inscripci\u00f3n abiertos.<br \/>\nCon reconocimiento de cr\u00e9ditos ECTS.<br \/>\nActividades gratuitas y con plazas limitadas.<br \/>\nPara participar en la Compa\u00f1\u00eda de Teatro UMH se valorarar\u00e1 positivamente realizar los cursos.<br \/>\nPara realizar la preinscripci\u00f3n, en \u00abTipo de ense\u00f1anza\u00bb seleccionar \u00abActividades de Extensi\u00f3n Universitaria\u00bb y a continuaci\u00f3n el curso de su inter\u00e9s.<br \/>\nInscripciones a la compa\u00f1\u00eda hasta el 31 de octubre:<\/p>\n<p>Compa\u00f1\u00eda de [&#8230;]<\/p>\n","protected":false},"author":25762,"featured_media":0,"comment_status":"closed","ping_status":"closed","sticky":false,"template":"","format":"standard","meta":{"ngg_post_thumbnail":0,"_links_to":"","_links_to_target":""},"categories":[6,701],"tags":[1056500,287049],"_links":{"self":[{"href":"https:\/\/cultura.umh.es\/es\/wp-json\/wp\/v2\/posts\/12589"}],"collection":[{"href":"https:\/\/cultura.umh.es\/es\/wp-json\/wp\/v2\/posts"}],"about":[{"href":"https:\/\/cultura.umh.es\/es\/wp-json\/wp\/v2\/types\/post"}],"author":[{"embeddable":true,"href":"https:\/\/cultura.umh.es\/es\/wp-json\/wp\/v2\/users\/25762"}],"replies":[{"embeddable":true,"href":"https:\/\/cultura.umh.es\/es\/wp-json\/wp\/v2\/comments?post=12589"}],"version-history":[{"count":0,"href":"https:\/\/cultura.umh.es\/es\/wp-json\/wp\/v2\/posts\/12589\/revisions"}],"wp:attachment":[{"href":"https:\/\/cultura.umh.es\/es\/wp-json\/wp\/v2\/media?parent=12589"}],"wp:term":[{"taxonomy":"category","embeddable":true,"href":"https:\/\/cultura.umh.es\/es\/wp-json\/wp\/v2\/categories?post=12589"},{"taxonomy":"post_tag","embeddable":true,"href":"https:\/\/cultura.umh.es\/es\/wp-json\/wp\/v2\/tags?post=12589"}],"curies":[{"name":"wp","href":"https:\/\/api.w.org\/{rel}","templated":true}]}}