{"id":12406,"date":"2023-06-23T12:01:22","date_gmt":"2023-06-23T10:01:22","guid":{"rendered":"https:\/\/cultura.umh.es\/?p=12406"},"modified":"2023-06-23T12:01:22","modified_gmt":"2023-06-23T10:01:22","slug":"convocatoria-de-subvencio-per-a-elaborar-tesis-tfg-tfm-i-memories-dinvestigacio-en-valencia","status":"publish","type":"post","link":"https:\/\/cultura.umh.es\/es\/2023\/06\/23\/convocatoria-de-subvencio-per-a-elaborar-tesis-tfg-tfm-i-memories-dinvestigacio-en-valencia\/","title":{"rendered":"Convocatoria de subvenci\u00f3n para elaborar tesis, TFG, TFM y memorias de investigaci\u00f3n en valenciano"},"content":{"rendered":"<p><a href=\"https:\/\/cultura.umh.es\/files\/2023\/06\/AjutsInvestigacioValencia_hor.jpg\"><img loading=\"lazy\" class=\"alignnone size-medium wp-image-12409\" src=\"https:\/\/cultura.umh.es\/files\/2023\/06\/AjutsInvestigacioValencia_hor-300x219.jpg\" alt=\"B\u00e0ner d'Ajuts per a l'elaboraci\u00f3 en valenci\u00e0 de tesis, TFG, TFM i mem\u00f2ries d'investigaci\u00f3\" width=\"300\" height=\"219\" srcset=\"https:\/\/cultura.umh.es\/files\/2023\/06\/AjutsInvestigacioValencia_hor-300x219.jpg 300w, https:\/\/cultura.umh.es\/files\/2023\/06\/AjutsInvestigacioValencia_hor-1024x748.jpg 1024w, https:\/\/cultura.umh.es\/files\/2023\/06\/AjutsInvestigacioValencia_hor-768x561.jpg 768w, https:\/\/cultura.umh.es\/files\/2023\/06\/AjutsInvestigacioValencia_hor-1536x1123.jpg 1536w, https:\/\/cultura.umh.es\/files\/2023\/06\/AjutsInvestigacioValencia_hor-2048x1497.jpg 2048w\" sizes=\"(max-width: 300px) 100vw, 300px\" \/><\/a><\/p>\n<p>Se convoca una subvenci\u00f3n para elaborar tesis, trabajos fin de grado (TFG), trabajos fin de m\u00e1ster (TFM) y memorias de investigaci\u00f3n o equivalentes, en valenciano (2021-2022 y 2022-2023).<\/p>\n<p>El plazo de presentaci\u00f3n de solicitudes se abrir\u00e1 el d\u00eda siguiente de la fecha de publicaci\u00f3n del extracto de esta convocatoria en el Diari Oficial de la Generalitat Valenciana (DOGV) y se cerrar\u00e1 el <strong>30 de septiembre de 2023 a las 23.59 horas<\/strong>.<\/p>\n<p><a href=\"https:\/\/boumh.umh.es\/files\/2023\/06\/RR_01548_2023.pdf\">Descargar convocatoria de subvenci\u00f3n para elaborar tesis, TFG, TFM y memorias de investigaci\u00f3n (BOUMH)<\/a><\/p>\n<p><a href=\"https:\/\/dogv.gva.es\/datos\/2023\/06\/21\/pdf\/2023_7000.pdf\">Descargar convocatoria de subvenci\u00f3n para elaborar tesis, TFG, TFM y memorias de investigaci\u00f3n<\/a><\/p>\n<p><a href=\"https:\/\/llengues.umh.es\/\">Ir a la p\u00e1gina de la oficina de lleng\u00fces<\/a><\/p>","protected":false},"excerpt":{"rendered":"<p>Se convoca una subvenci\u00f3n para elaborar tesis, trabajos fin de grado (TFG), trabajos fin de m\u00e1ster (TFM) y memorias de investigaci\u00f3n o equivalentes, en valenciano (2021-2022 y 2022-2023).<br \/>\nEl plazo de presentaci\u00f3n de solicitudes se abrir\u00e1 el d\u00eda siguiente de la fecha de publicaci\u00f3n del extracto de esta convocatoria en el Diari Oficial de la Generalitat [&#8230;]<\/p>\n","protected":false},"author":2954,"featured_media":0,"comment_status":"closed","ping_status":"closed","sticky":false,"template":"","format":"standard","meta":{"ngg_post_thumbnail":0,"_links_to":"","_links_to_target":""},"categories":[567],"tags":[80549],"_links":{"self":[{"href":"https:\/\/cultura.umh.es\/es\/wp-json\/wp\/v2\/posts\/12406"}],"collection":[{"href":"https:\/\/cultura.umh.es\/es\/wp-json\/wp\/v2\/posts"}],"about":[{"href":"https:\/\/cultura.umh.es\/es\/wp-json\/wp\/v2\/types\/post"}],"author":[{"embeddable":true,"href":"https:\/\/cultura.umh.es\/es\/wp-json\/wp\/v2\/users\/2954"}],"replies":[{"embeddable":true,"href":"https:\/\/cultura.umh.es\/es\/wp-json\/wp\/v2\/comments?post=12406"}],"version-history":[{"count":0,"href":"https:\/\/cultura.umh.es\/es\/wp-json\/wp\/v2\/posts\/12406\/revisions"}],"wp:attachment":[{"href":"https:\/\/cultura.umh.es\/es\/wp-json\/wp\/v2\/media?parent=12406"}],"wp:term":[{"taxonomy":"category","embeddable":true,"href":"https:\/\/cultura.umh.es\/es\/wp-json\/wp\/v2\/categories?post=12406"},{"taxonomy":"post_tag","embeddable":true,"href":"https:\/\/cultura.umh.es\/es\/wp-json\/wp\/v2\/tags?post=12406"}],"curies":[{"name":"wp","href":"https:\/\/api.w.org\/{rel}","templated":true}]}}