{"id":1203,"date":"2012-06-06T15:05:52","date_gmt":"2012-06-06T13:05:52","guid":{"rendered":"http:\/\/cultura.umh.es\/2012\/06\/06\/la-umh-firma-un-convenio-con-el-ayuntamiento-de-el-verger-para-la-representacion-conjunta-de-obras-teatrales\/"},"modified":"2023-09-12T12:36:02","modified_gmt":"2023-09-12T10:36:02","slug":"la-umh-firma-un-convenio-con-el-ayuntamiento-de-el-verger-para-la-representacion-conjunta-de-obras-teatrales","status":"publish","type":"post","link":"https:\/\/cultura.umh.es\/es\/2012\/06\/06\/la-umh-firma-un-convenio-con-el-ayuntamiento-de-el-verger-para-la-representacion-conjunta-de-obras-teatrales\/","title":{"rendered":"La UMH firma un convenio con el Ayuntamiento de El Verger para la representaci\u00f3n conjunta de obras teatrales"},"content":{"rendered":"<p>La Universidad Miguel Hern\u00e1ndez (UMH) de Elche, a trav\u00e9s del Vicerrectorado Cultura y Extensi\u00f3n Universitaria, y el Ayuntamiento de El Verger han firmado esta ma\u00f1ana un convenio de colaboraci\u00f3n para la representaci\u00f3n conjunta de obras teatrales. Al acto, ha asistido el vicerrector adjunto de Cultura de la UMH, Josep Perez i Tom\u00e0s.<\/p>\n<p>Este convenio permitir\u00e1 a los estudiantes de la Universidad realizar representaciones teatrales en salas municipales de El Verger.<\/p>\n<p><p>no se han encontrado im\u00e1genes<\/p>\n<\/p>","protected":false},"excerpt":{"rendered":"<p>La Universidad Miguel Hern\u00e1ndez (UMH) de Elche, a trav\u00e9s del Vicerrectorado Cultura y Extensi\u00f3n Universitaria, y el Ayuntamiento de El Verger han firmado esta ma\u00f1ana un convenio de colaboraci\u00f3n para la representaci\u00f3n conjunta de obras teatrales. Al acto, ha asistido el vicerrector adjunto de Cultura de la UMH, Josep Perez i Tom\u00e0s.<br \/>\nEste convenio permitir\u00e1 a [&#8230;]<\/p>\n","protected":false},"author":389,"featured_media":0,"comment_status":"closed","ping_status":"closed","sticky":false,"template":"","format":"standard","meta":{"ngg_post_thumbnail":0,"_links_to":"","_links_to_target":""},"categories":[701],"tags":[],"_links":{"self":[{"href":"https:\/\/cultura.umh.es\/es\/wp-json\/wp\/v2\/posts\/1203"}],"collection":[{"href":"https:\/\/cultura.umh.es\/es\/wp-json\/wp\/v2\/posts"}],"about":[{"href":"https:\/\/cultura.umh.es\/es\/wp-json\/wp\/v2\/types\/post"}],"author":[{"embeddable":true,"href":"https:\/\/cultura.umh.es\/es\/wp-json\/wp\/v2\/users\/389"}],"replies":[{"embeddable":true,"href":"https:\/\/cultura.umh.es\/es\/wp-json\/wp\/v2\/comments?post=1203"}],"version-history":[{"count":0,"href":"https:\/\/cultura.umh.es\/es\/wp-json\/wp\/v2\/posts\/1203\/revisions"}],"wp:attachment":[{"href":"https:\/\/cultura.umh.es\/es\/wp-json\/wp\/v2\/media?parent=1203"}],"wp:term":[{"taxonomy":"category","embeddable":true,"href":"https:\/\/cultura.umh.es\/es\/wp-json\/wp\/v2\/categories?post=1203"},{"taxonomy":"post_tag","embeddable":true,"href":"https:\/\/cultura.umh.es\/es\/wp-json\/wp\/v2\/tags?post=1203"}],"curies":[{"name":"wp","href":"https:\/\/api.w.org\/{rel}","templated":true}]}}