{"id":11926,"date":"2022-12-12T10:22:36","date_gmt":"2022-12-12T09:22:36","guid":{"rendered":"https:\/\/cultura.umh.es\/?p=11926"},"modified":"2025-06-20T13:05:21","modified_gmt":"2025-06-20T11:05:21","slug":"concert-dhivern-per-lensemble-vocal-pneuma-umh-i-la-camerata-numen","status":"publish","type":"post","link":"https:\/\/cultura.umh.es\/es\/2022\/12\/12\/concert-dhivern-per-lensemble-vocal-pneuma-umh-i-la-camerata-numen\/","title":{"rendered":"Concierto de invierno por el Ensemble Vocal Pneuma UMH y la Camerata Numen"},"content":{"rendered":"<p><a href=\"https:\/\/cultura.umh.es\/files\/2022\/12\/PNEUMA_ConciertoDeInvierno_bannerCAS.jpg\"><img loading=\"lazy\" class=\"alignnone size-medium wp-image-11932\" src=\"https:\/\/cultura.umh.es\/files\/2022\/12\/PNEUMA_ConciertoDeInvierno_bannerCAS-300x183.jpg\" alt=\"Banner del Concierto de invierno por el Ensemble Vocal Pneuma UMH y la Camerata Numen \" width=\"300\" height=\"183\" srcset=\"https:\/\/cultura.umh.es\/files\/2022\/12\/PNEUMA_ConciertoDeInvierno_bannerCAS-300x183.jpg 300w, https:\/\/cultura.umh.es\/files\/2022\/12\/PNEUMA_ConciertoDeInvierno_bannerCAS-1024x625.jpg 1024w, https:\/\/cultura.umh.es\/files\/2022\/12\/PNEUMA_ConciertoDeInvierno_bannerCAS-768x468.jpg 768w, https:\/\/cultura.umh.es\/files\/2022\/12\/PNEUMA_ConciertoDeInvierno_bannerCAS-1536x937.jpg 1536w, https:\/\/cultura.umh.es\/files\/2022\/12\/PNEUMA_ConciertoDeInvierno_bannerCAS.jpg 1538w\" sizes=\"(max-width: 300px) 100vw, 300px\" \/><\/a><\/p>\n<p>Concierto de invierno por el Ensemble Vocal Pneuma UMH, con la colaboraci\u00f3n de la Camerata Numen y dirigido por Carmen Montesinos Fortea.<\/p>\n<ul>\n<li>El <strong>viernes 16 de diciembre<\/strong> de 2022 a las 19.00 horas, en el Sal\u00f3n de actos del edificio Rectorado y Consejo Social de la Universidad Miguel Hern\u00e1ndez de Elche. <em>Entrada libre hasta completar aforo<\/em>.<\/li>\n<li>El <strong>s\u00e1bado 17 de diciembre<\/strong> de 2022 a las 12.00 horas, en el Lucernario de la planta baja del Hospital Universitario de Sant Joan d&#8217;Alacant.&nbsp;<\/li>\n<\/ul>\n<p><a href=\"https:\/\/drive.google.com\/file\/d\/1o8HaI2_la9pA3uytaPBndJUdT7El_9ex\/view?usp=share_link\">Descargar programa del concierto (PDF) 6.2MB<\/a><\/p>\n<p>Programa:<\/p>\n<ul>\n<li>I. Ensemble Vocal Pneuma UMH &amp; Camerata Numen\n<ul>\n<li><em><strong>Durme, durme<\/strong><\/em> Tradicional sefard\u00ed<\/li>\n<li><em><strong>Morena me llaman<\/strong><\/em> Tradicional sefard\u00ed<\/li>\n<li><em><strong>A la una yo nac\u00ed<\/strong><\/em> Tradicional sefard\u00ed<\/li>\n<li><em><strong>Stella Splendens<\/strong><\/em> Llibre Vermell<\/li>\n<li><em><strong>Cant de la Sibil\u00b7la Valenciana<\/strong><\/em> Ruth Pastor Cerd\u00e1n (soprano) y Jos\u00e9 Galiano P\u00e9rez (director)<\/li>\n<\/ul>\n<\/li>\n<li>II. Camerata Numen\n<ul>\n<li><strong><em>Battalla de Barrabaso yerno de Satan\u00e1s<\/em><\/strong> Andrea Falconieri<\/li>\n<li><strong><em>Sonata VI a 5 op. 2 N 11<\/em><\/strong> Tomaso Albinoni<br \/>\n<em>Adagio<\/em><br \/>\n<em>Allegro<\/em><br \/>\n<em>Grave<\/em><br \/>\n<em>Allegro<\/em><\/li>\n<\/ul>\n<\/li>\n<li>III. Ensemble Vocal Pneuma UMH &amp; Camerata Numen\n<ul>\n<li><em><strong>Alfonsina y el mar<\/strong><\/em> Ariel Ram\u00edrez<\/li>\n<li><strong><em>Aleluya<\/em><\/strong> Leonard Cohen<\/li>\n<li><em><strong>Quanno nascette nino<\/strong><\/em> Tradicional napolitana<\/li>\n<li><em><strong>Verbum Caro<\/strong><\/em> Cancionero de Uppsala<\/li>\n<li><em><strong>En la m\u00e1s fr\u00eda noche<\/strong><\/em> Popular americana<\/li>\n<li><em><strong>Noche de paz<\/strong><\/em> Franz Gruber<\/li>\n<\/ul>\n<\/li>\n<\/ul>\n<p>Directora Carmen Montesinos Fortea<\/p>\n<p>Cartel:<\/p>\n<p><a href=\"https:\/\/cultura.umh.es\/files\/2022\/12\/PNEUMA_ConciertoDeInvierno_cartelCASweb.jpg\"><img loading=\"lazy\" class=\"alignnone size-medium wp-image-11938\" src=\"https:\/\/cultura.umh.es\/files\/2022\/12\/PNEUMA_ConciertoDeInvierno_cartelCASweb-212x300.jpg\" alt=\"Cartel del Concierto de invierno por el Ensemble Vocal Pneuma UMH y la Camerata Numen \" width=\"212\" height=\"300\" srcset=\"https:\/\/cultura.umh.es\/files\/2022\/12\/PNEUMA_ConciertoDeInvierno_cartelCASweb-212x300.jpg 212w, https:\/\/cultura.umh.es\/files\/2022\/12\/PNEUMA_ConciertoDeInvierno_cartelCASweb-724x1024.jpg 724w, https:\/\/cultura.umh.es\/files\/2022\/12\/PNEUMA_ConciertoDeInvierno_cartelCASweb-768x1086.jpg 768w, https:\/\/cultura.umh.es\/files\/2022\/12\/PNEUMA_ConciertoDeInvierno_cartelCASweb-1086x1536.jpg 1086w, https:\/\/cultura.umh.es\/files\/2022\/12\/PNEUMA_ConciertoDeInvierno_cartelCASweb.jpg 1240w\" sizes=\"(max-width: 212px) 100vw, 212px\" \/><\/a><\/p>\n<p><a href=\"https:\/\/cultura.umh.es\/musica\/pneuma\/\">Ir a la p\u00e1gina del Ensemble Vocal Pneuma UMH<\/a><\/p>","protected":false},"excerpt":{"rendered":"<p>Concierto de invierno por el Ensemble Vocal Pneuma UMH, con la colaboraci\u00f3n de la Camerata Numen y dirigido por Carmen Montesinos Fortea.<\/p>\n<p>El viernes 16 de diciembre de 2022 a las 19.00 horas, en el Sal\u00f3n de actos del edificio Rectorado y Consejo Social de la Universidad Miguel Hern\u00e1ndez de Elche. Entrada libre hasta completar aforo.<br \/>\nEl [&#8230;]<\/p>\n","protected":false},"author":2954,"featured_media":0,"comment_status":"closed","ping_status":"closed","sticky":false,"template":"","format":"standard","meta":{"ngg_post_thumbnail":0,"_links_to":"","_links_to_target":""},"categories":[55515],"tags":[70449],"_links":{"self":[{"href":"https:\/\/cultura.umh.es\/es\/wp-json\/wp\/v2\/posts\/11926"}],"collection":[{"href":"https:\/\/cultura.umh.es\/es\/wp-json\/wp\/v2\/posts"}],"about":[{"href":"https:\/\/cultura.umh.es\/es\/wp-json\/wp\/v2\/types\/post"}],"author":[{"embeddable":true,"href":"https:\/\/cultura.umh.es\/es\/wp-json\/wp\/v2\/users\/2954"}],"replies":[{"embeddable":true,"href":"https:\/\/cultura.umh.es\/es\/wp-json\/wp\/v2\/comments?post=11926"}],"version-history":[{"count":0,"href":"https:\/\/cultura.umh.es\/es\/wp-json\/wp\/v2\/posts\/11926\/revisions"}],"wp:attachment":[{"href":"https:\/\/cultura.umh.es\/es\/wp-json\/wp\/v2\/media?parent=11926"}],"wp:term":[{"taxonomy":"category","embeddable":true,"href":"https:\/\/cultura.umh.es\/es\/wp-json\/wp\/v2\/categories?post=11926"},{"taxonomy":"post_tag","embeddable":true,"href":"https:\/\/cultura.umh.es\/es\/wp-json\/wp\/v2\/tags?post=11926"}],"curies":[{"name":"wp","href":"https:\/\/api.w.org\/{rel}","templated":true}]}}