{"id":11713,"date":"2022-10-04T09:05:33","date_gmt":"2022-10-04T07:05:33","guid":{"rendered":"https:\/\/cultura.umh.es\/?p=11713"},"modified":"2025-06-20T13:07:00","modified_gmt":"2025-06-20T11:07:00","slug":"autoexposicions","status":"publish","type":"post","link":"https:\/\/cultura.umh.es\/es\/2022\/10\/04\/autoexposicions\/","title":{"rendered":"(auto)exposiciones"},"content":{"rendered":"<p><a href=\"https:\/\/cultura.umh.es\/files\/2022\/10\/autoexposiciones_CAS.jpg\"><img loading=\"lazy\" class=\"alignnone size-medium wp-image-11719\" src=\"https:\/\/cultura.umh.es\/files\/2022\/10\/autoexposiciones_CAS-300x183.jpg\" alt=\"Banner (auto)exposiciones\" width=\"300\" height=\"183\" srcset=\"https:\/\/cultura.umh.es\/files\/2022\/10\/autoexposiciones_CAS-300x183.jpg 300w, https:\/\/cultura.umh.es\/files\/2022\/10\/autoexposiciones_CAS.jpg 369w\" sizes=\"(max-width: 300px) 100vw, 300px\" \/><\/a><\/p>\n<p><strong><em>(auto)exposiciones<\/em> de Florencia Aliberti, 2015<\/strong><\/p>\n<p>Del 3 al 7 de octubre de 2022<br \/>\nHorario: 9.00 &#8211; 14.00 h<\/p>\n<p>Colabora: HAMACA. Plataforma de audiovisual experimental<\/p>\n<p>La cineasta argentina Florencia Aliberti trabaja desde 2012 con v\u00eddeos descargados de este popular contenedor medi\u00e1tico que es Youtube combinando decenas de capturas personales de rostros an\u00f3nimos \u2014principalmente adolescentes anglosajones\u2014 que se registran con sus <em>webcams<\/em> para promover consejos caseros o buscar respuestas aprobatorias en la \u00abnube\u00bb. Este <i>work in progress<\/i>&nbsp;de la artista adquiere la forma de un proyecto poli\u00e9drico con el que se evidencia la repetici\u00f3n en los comportamientos de ciertos internautas.<\/p>","protected":false},"excerpt":{"rendered":"<p>(auto)exposiciones de Florencia Aliberti, 2015<br \/>\nDel 3 al 7 de octubre de 2022<br \/>\nHorario: 9.00 &#8211; 14.00 h<br \/>\nColabora: HAMACA. Plataforma de audiovisual experimental<br \/>\nLa cineasta argentina Florencia Aliberti trabaja desde 2012 con v\u00eddeos descargados de este popular contenedor medi\u00e1tico que es Youtube combinando decenas de capturas personales de rostros an\u00f3nimos \u2014principalmente adolescentes anglosajones\u2014 que se registran con sus [&#8230;]<\/p>\n","protected":false},"author":2954,"featured_media":0,"comment_status":"closed","ping_status":"closed","sticky":false,"template":"","format":"standard","meta":{"ngg_post_thumbnail":0,"_links_to":"","_links_to_target":""},"categories":[55516],"tags":[55556],"_links":{"self":[{"href":"https:\/\/cultura.umh.es\/es\/wp-json\/wp\/v2\/posts\/11713"}],"collection":[{"href":"https:\/\/cultura.umh.es\/es\/wp-json\/wp\/v2\/posts"}],"about":[{"href":"https:\/\/cultura.umh.es\/es\/wp-json\/wp\/v2\/types\/post"}],"author":[{"embeddable":true,"href":"https:\/\/cultura.umh.es\/es\/wp-json\/wp\/v2\/users\/2954"}],"replies":[{"embeddable":true,"href":"https:\/\/cultura.umh.es\/es\/wp-json\/wp\/v2\/comments?post=11713"}],"version-history":[{"count":0,"href":"https:\/\/cultura.umh.es\/es\/wp-json\/wp\/v2\/posts\/11713\/revisions"}],"wp:attachment":[{"href":"https:\/\/cultura.umh.es\/es\/wp-json\/wp\/v2\/media?parent=11713"}],"wp:term":[{"taxonomy":"category","embeddable":true,"href":"https:\/\/cultura.umh.es\/es\/wp-json\/wp\/v2\/categories?post=11713"},{"taxonomy":"post_tag","embeddable":true,"href":"https:\/\/cultura.umh.es\/es\/wp-json\/wp\/v2\/tags?post=11713"}],"curies":[{"name":"wp","href":"https:\/\/api.w.org\/{rel}","templated":true}]}}