{"id":11680,"date":"2022-09-20T08:42:31","date_gmt":"2022-09-20T06:42:31","guid":{"rendered":"https:\/\/cultura.umh.es\/?p=11680"},"modified":"2022-09-20T08:43:33","modified_gmt":"2022-09-20T06:43:33","slug":"concessio-v-edicio-beca-boomerang-2022","status":"publish","type":"post","link":"https:\/\/cultura.umh.es\/es\/2022\/09\/20\/concessio-v-edicio-beca-boomerang-2022\/","title":{"rendered":"Concesi\u00f3n V edici\u00f3n Beca Boomerang 2022"},"content":{"rendered":"<p><a href=\"https:\/\/cultura.umh.es\/files\/2021\/05\/Logo_Boomerang_medio.jpg\"><img loading=\"lazy\" class=\"alignnone size-medium wp-image-10291\" src=\"https:\/\/cultura.umh.es\/files\/2021\/05\/Logo_Boomerang_medio-300x173.jpg\" alt=\"Logo Beca Boomerang\" width=\"300\" height=\"173\" srcset=\"https:\/\/cultura.umh.es\/files\/2021\/05\/Logo_Boomerang_medio-300x173.jpg 300w, https:\/\/cultura.umh.es\/files\/2021\/05\/Logo_Boomerang_medio-768x442.jpg 768w, https:\/\/cultura.umh.es\/files\/2021\/05\/Logo_Boomerang_medio-1024x590.jpg 1024w, https:\/\/cultura.umh.es\/files\/2021\/05\/Logo_Boomerang_medio.jpg 1181w\" sizes=\"(max-width: 300px) 100vw, 300px\" \/><\/a><\/p>\n<p>Resoluci\u00f3n de concesi\u00f3n de la convocatoria de la V edici\u00f3n de la Beca Boomerang UMH 2022 en colaboraci\u00f3n con el Campus de Altea.<\/p>\n<p><a href=\"https:\/\/boumh.umh.es\/files\/2022\/09\/RR_02341_2022.pdf\">Descargar Resoluci\u00f3n de la Concesi\u00f3n de la V Beca boomerang (PDF) 223kb&nbsp;<\/a><\/p>\n<p><a href=\"https:\/\/cultura.umh.es\/arts\/convocatorias\/beca-boomerang\/\">Ir a la p\u00e1gina de la Beca Boomerang<\/a><\/p>","protected":false},"excerpt":{"rendered":"<p>Resoluci\u00f3n de concesi\u00f3n de la convocatoria de la V edici\u00f3n de la Beca Boomerang UMH 2022 en colaboraci\u00f3n con el Campus de Altea.<br \/>\nDescargar Resoluci\u00f3n de la Concesi\u00f3n de la V Beca boomerang (PDF) 223kb&nbsp;<br \/>\nIr a la p\u00e1gina de la Beca Boomerang<\/p>\n","protected":false},"author":2954,"featured_media":0,"comment_status":"closed","ping_status":"closed","sticky":false,"template":"","format":"standard","meta":{"ngg_post_thumbnail":0,"_links_to":"","_links_to_target":""},"categories":[567],"tags":[53798],"_links":{"self":[{"href":"https:\/\/cultura.umh.es\/es\/wp-json\/wp\/v2\/posts\/11680"}],"collection":[{"href":"https:\/\/cultura.umh.es\/es\/wp-json\/wp\/v2\/posts"}],"about":[{"href":"https:\/\/cultura.umh.es\/es\/wp-json\/wp\/v2\/types\/post"}],"author":[{"embeddable":true,"href":"https:\/\/cultura.umh.es\/es\/wp-json\/wp\/v2\/users\/2954"}],"replies":[{"embeddable":true,"href":"https:\/\/cultura.umh.es\/es\/wp-json\/wp\/v2\/comments?post=11680"}],"version-history":[{"count":0,"href":"https:\/\/cultura.umh.es\/es\/wp-json\/wp\/v2\/posts\/11680\/revisions"}],"wp:attachment":[{"href":"https:\/\/cultura.umh.es\/es\/wp-json\/wp\/v2\/media?parent=11680"}],"wp:term":[{"taxonomy":"category","embeddable":true,"href":"https:\/\/cultura.umh.es\/es\/wp-json\/wp\/v2\/categories?post=11680"},{"taxonomy":"post_tag","embeddable":true,"href":"https:\/\/cultura.umh.es\/es\/wp-json\/wp\/v2\/tags?post=11680"}],"curies":[{"name":"wp","href":"https:\/\/api.w.org\/{rel}","templated":true}]}}