{"id":11579,"date":"2022-07-05T08:41:22","date_gmt":"2022-07-05T06:41:22","guid":{"rendered":"https:\/\/cultura.umh.es\/?p=11579"},"modified":"2022-10-28T08:03:35","modified_gmt":"2022-10-28T06:03:35","slug":"proposta-provisional-de-resolucio-de-la-xii-beca-mordida","status":"publish","type":"post","link":"https:\/\/cultura.umh.es\/es\/2022\/07\/05\/proposta-provisional-de-resolucio-de-la-xii-beca-mordida\/","title":{"rendered":"Propuesta provisional de resoluci\u00f3n de la XII Beca Mordida"},"content":{"rendered":"<p><a href=\"https:\/\/cultura.umh.es\/files\/2021\/04\/BecaMordida.jpg\"><img loading=\"lazy\" class=\"alignnone size-full wp-image-10241\" src=\"https:\/\/cultura.umh.es\/files\/2021\/04\/BecaMordida.jpg\" alt=\"Logo Beca Mordida\" width=\"369\" height=\"225\" srcset=\"https:\/\/cultura.umh.es\/files\/2021\/04\/BecaMordida.jpg 369w, https:\/\/cultura.umh.es\/files\/2021\/04\/BecaMordida-300x183.jpg 300w\" sizes=\"(max-width: 369px) 100vw, 369px\" \/><\/a><\/p>\n<p>Publicada la propuesta provisional de resoluci\u00f3n de la XII Beca Mordida de producci\u00f3n de obra gr\u00e1fica para estudiantes y diplomados i diplomadas de la facultad de Bellas Artes de Altea.<\/p>\n<ul>\n<li><a href=\"https:\/\/boumh.umh.es\/files\/2022\/07\/ES_U05500001_2022_DOCH-0000000000000000000130070.pdf\">Descargar propuesta provisional de resoluci\u00f3n de la XII Beca Mordida UMH-CIEC<\/a><\/li>\n<\/ul>\n<p>El plazo de presentaci\u00f3n de alegaciones<br \/>\nFecha de inicio: <strong>05\/07\/2022<\/strong><br \/>\nFecha fin: <strong>18\/07\/2022<\/strong><\/p>\n<p><a href=\"https:\/\/cultura.umh.es\/es\/arts\/convocatorias\/beca-mordida-betanzos-umh\/\">Ir a la p\u00e1gina de la Beca Mordida UMH-CIEC<\/a><\/p>","protected":false},"excerpt":{"rendered":"<p>Publicada la propuesta provisional de resoluci\u00f3n de la XII Beca Mordida de producci\u00f3n de obra gr\u00e1fica para estudiantes y diplomados i diplomadas de la facultad de Bellas Artes de Altea.<\/p>\n<p>Descargar propuesta provisional de resoluci\u00f3n de la XII Beca Mordida UMH-CIEC<\/p>\n<p>El plazo de presentaci\u00f3n de alegaciones<br \/>\nFecha de inicio: 05\/07\/2022<br \/>\nFecha fin: 18\/07\/2022<br \/>\nIr a la p\u00e1gina de la [&#8230;]<\/p>\n","protected":false},"author":2954,"featured_media":0,"comment_status":"closed","ping_status":"closed","sticky":false,"template":"","format":"standard","meta":{"ngg_post_thumbnail":0,"_links_to":"","_links_to_target":""},"categories":[567],"tags":[363939],"_links":{"self":[{"href":"https:\/\/cultura.umh.es\/es\/wp-json\/wp\/v2\/posts\/11579"}],"collection":[{"href":"https:\/\/cultura.umh.es\/es\/wp-json\/wp\/v2\/posts"}],"about":[{"href":"https:\/\/cultura.umh.es\/es\/wp-json\/wp\/v2\/types\/post"}],"author":[{"embeddable":true,"href":"https:\/\/cultura.umh.es\/es\/wp-json\/wp\/v2\/users\/2954"}],"replies":[{"embeddable":true,"href":"https:\/\/cultura.umh.es\/es\/wp-json\/wp\/v2\/comments?post=11579"}],"version-history":[{"count":0,"href":"https:\/\/cultura.umh.es\/es\/wp-json\/wp\/v2\/posts\/11579\/revisions"}],"wp:attachment":[{"href":"https:\/\/cultura.umh.es\/es\/wp-json\/wp\/v2\/media?parent=11579"}],"wp:term":[{"taxonomy":"category","embeddable":true,"href":"https:\/\/cultura.umh.es\/es\/wp-json\/wp\/v2\/categories?post=11579"},{"taxonomy":"post_tag","embeddable":true,"href":"https:\/\/cultura.umh.es\/es\/wp-json\/wp\/v2\/tags?post=11579"}],"curies":[{"name":"wp","href":"https:\/\/api.w.org\/{rel}","templated":true}]}}