{"id":10987,"date":"2022-02-09T14:25:29","date_gmt":"2022-02-09T13:25:29","guid":{"rendered":"https:\/\/cultura.umh.es\/?p=10987"},"modified":"2026-02-18T14:49:50","modified_gmt":"2026-02-18T13:49:50","slug":"albums-il%c2%b7lustrats-infantils","status":"publish","type":"post","link":"https:\/\/cultura.umh.es\/es\/2022\/02\/09\/albums-il%c2%b7lustrats-infantils\/","title":{"rendered":"\u00c0lbums il\u00b7lustrats infantils"},"content":{"rendered":"<p>&nbsp;<a href=\"https:\/\/cultura.umh.es\/files\/2022\/02\/AlbumsIllustratsInfantils.jpg\"><img loading=\"lazy\" class=\"alignnone size-medium wp-image-10993\" src=\"https:\/\/cultura.umh.es\/files\/2022\/02\/AlbumsIllustratsInfantils-300x183.jpg\" alt=\"Banner Expo \u00c0lbums il\u00b7lustrats infantils\" width=\"300\" height=\"183\" srcset=\"https:\/\/cultura.umh.es\/files\/2022\/02\/AlbumsIllustratsInfantils-300x183.jpg 300w, https:\/\/cultura.umh.es\/files\/2022\/02\/AlbumsIllustratsInfantils.jpg 369w\" sizes=\"(max-width: 300px) 100vw, 300px\" \/><\/a><\/p>\n<h2>Exposici\u00f3n itinerante <em>\u00c0lbums il\u00b7lustrats infantils<\/em><\/h2>\n<p>Exposici\u00f3n que hace un recorrido por el significado de \u00e1lbum ilustrado infantil y tambi\u00e9n nos muestra el potencial did\u00e1ctico de los \u00e1lbumes para trabajar valores como la amistat, la tolerancia, la diversidad, la empat\u00eda, etc\u00e9tera.<\/p>\n<p><strong>Del 14 de febrero al 11 de marzo de 2022<\/strong><br \/>\nEn la sala ECO (Espai Cultural Obert) del edificio Altabix.<br \/>\nCampus de Elche.<\/p>\n<p>Organizan:<br \/>\nServei de lleng\u00fces de la Universidad de Alicante, MUA (Museo de la Universidad de Alicante, la Fundaci\u00f3 pel Llibre i la Lectura, Universidad Miguel Hern\u00e1ndez y Oficina de Lleng\u00fces UMH.<\/p>\n<p><a href=\"https:\/\/cultura.umh.es\/files\/2022\/02\/AlbumsIllustratsInfantils_cartell_web.jpg\"><img loading=\"lazy\" class=\"alignnone size-medium wp-image-10990\" src=\"https:\/\/cultura.umh.es\/files\/2022\/02\/AlbumsIllustratsInfantils_cartell_web-212x300.jpg\" alt=\"Cartell Expo \u00c0lbums il\u00b7lustrats infantils\" width=\"212\" height=\"300\" srcset=\"https:\/\/cultura.umh.es\/files\/2022\/02\/AlbumsIllustratsInfantils_cartell_web-212x300.jpg 212w, https:\/\/cultura.umh.es\/files\/2022\/02\/AlbumsIllustratsInfantils_cartell_web-724x1024.jpg 724w, https:\/\/cultura.umh.es\/files\/2022\/02\/AlbumsIllustratsInfantils_cartell_web-768x1086.jpg 768w, https:\/\/cultura.umh.es\/files\/2022\/02\/AlbumsIllustratsInfantils_cartell_web-1086x1536.jpg 1086w, https:\/\/cultura.umh.es\/files\/2022\/02\/AlbumsIllustratsInfantils_cartell_web.jpg 1240w\" sizes=\"(max-width: 212px) 100vw, 212px\" \/><\/a><\/p>","protected":false},"excerpt":{"rendered":"<p>&nbsp;<br \/>\nExposici\u00f3n itinerante \u00c0lbums il\u00b7lustrats infantils<br \/>\nExposici\u00f3n que hace un recorrido por el significado de \u00e1lbum ilustrado infantil y tambi\u00e9n nos muestra el potencial did\u00e1ctico de los \u00e1lbumes para trabajar valores como la amistat, la tolerancia, la diversidad, la empat\u00eda, etc\u00e9tera.<br \/>\nDel 14 de febrero al 11 de marzo de 2022<br \/>\nEn la sala ECO (Espai Cultural Obert) del [&#8230;]<\/p>\n","protected":false},"author":2954,"featured_media":0,"comment_status":"closed","ping_status":"closed","sticky":false,"template":"","format":"standard","meta":{"ngg_post_thumbnail":0,"_links_to":"","_links_to_target":""},"categories":[55516],"tags":[363958],"_links":{"self":[{"href":"https:\/\/cultura.umh.es\/es\/wp-json\/wp\/v2\/posts\/10987"}],"collection":[{"href":"https:\/\/cultura.umh.es\/es\/wp-json\/wp\/v2\/posts"}],"about":[{"href":"https:\/\/cultura.umh.es\/es\/wp-json\/wp\/v2\/types\/post"}],"author":[{"embeddable":true,"href":"https:\/\/cultura.umh.es\/es\/wp-json\/wp\/v2\/users\/2954"}],"replies":[{"embeddable":true,"href":"https:\/\/cultura.umh.es\/es\/wp-json\/wp\/v2\/comments?post=10987"}],"version-history":[{"count":0,"href":"https:\/\/cultura.umh.es\/es\/wp-json\/wp\/v2\/posts\/10987\/revisions"}],"wp:attachment":[{"href":"https:\/\/cultura.umh.es\/es\/wp-json\/wp\/v2\/media?parent=10987"}],"wp:term":[{"taxonomy":"category","embeddable":true,"href":"https:\/\/cultura.umh.es\/es\/wp-json\/wp\/v2\/categories?post=10987"},{"taxonomy":"post_tag","embeddable":true,"href":"https:\/\/cultura.umh.es\/es\/wp-json\/wp\/v2\/tags?post=10987"}],"curies":[{"name":"wp","href":"https:\/\/api.w.org\/{rel}","templated":true}]}}