{"id":10759,"date":"2021-11-26T12:55:38","date_gmt":"2021-11-26T11:55:38","guid":{"rendered":"https:\/\/cultura.umh.es\/?p=10759"},"modified":"2022-10-28T08:30:14","modified_gmt":"2022-10-28T06:30:14","slug":"cursos-dhivern-umh-2","status":"publish","type":"post","link":"https:\/\/cultura.umh.es\/es\/2021\/11\/26\/cursos-dhivern-umh-2\/","title":{"rendered":"Cursos de invierno UMH"},"content":{"rendered":"<p><a href=\"https:\/\/cultura.umh.es\/files\/2021\/11\/Cursosdeinvierno_novedades_CAS.jpg\"><img loading=\"lazy\" class=\"size-medium wp-image-10765 alignleft\" src=\"https:\/\/cultura.umh.es\/files\/2021\/11\/Cursosdeinvierno_novedades_CAS-300x183.jpg\" alt=\"Banner Cursos de invierno UMH\" width=\"300\" height=\"183\" srcset=\"https:\/\/cultura.umh.es\/files\/2021\/11\/Cursosdeinvierno_novedades_CAS-300x183.jpg 300w, https:\/\/cultura.umh.es\/files\/2021\/11\/Cursosdeinvierno_novedades_CAS.jpg 369w\" sizes=\"(max-width: 300px) 100vw, 300px\" \/><\/a>Abierta la preinscripci\u00f3n y matr\u00edcula de la X edici\u00f3n de los Cursos de invierno UMH<\/p>\n<p><a href=\"https:\/\/cultura.umh.es\/es\/cursosdhivern\/\">Ir a la p\u00e1gina de Cursos de invierno UMH<\/a><\/p>","protected":false},"excerpt":{"rendered":"<p>Abierta la preinscripci\u00f3n y matr\u00edcula de la X edici\u00f3n de los Cursos de invierno UMH<br \/>\nIr a la p\u00e1gina de Cursos de invierno UMH<\/p>\n","protected":false},"author":2954,"featured_media":0,"comment_status":"closed","ping_status":"closed","sticky":false,"template":"","format":"standard","meta":{"ngg_post_thumbnail":0,"_links_to":"","_links_to_target":""},"categories":[6],"tags":[363963,68009],"_links":{"self":[{"href":"https:\/\/cultura.umh.es\/es\/wp-json\/wp\/v2\/posts\/10759"}],"collection":[{"href":"https:\/\/cultura.umh.es\/es\/wp-json\/wp\/v2\/posts"}],"about":[{"href":"https:\/\/cultura.umh.es\/es\/wp-json\/wp\/v2\/types\/post"}],"author":[{"embeddable":true,"href":"https:\/\/cultura.umh.es\/es\/wp-json\/wp\/v2\/users\/2954"}],"replies":[{"embeddable":true,"href":"https:\/\/cultura.umh.es\/es\/wp-json\/wp\/v2\/comments?post=10759"}],"version-history":[{"count":0,"href":"https:\/\/cultura.umh.es\/es\/wp-json\/wp\/v2\/posts\/10759\/revisions"}],"wp:attachment":[{"href":"https:\/\/cultura.umh.es\/es\/wp-json\/wp\/v2\/media?parent=10759"}],"wp:term":[{"taxonomy":"category","embeddable":true,"href":"https:\/\/cultura.umh.es\/es\/wp-json\/wp\/v2\/categories?post=10759"},{"taxonomy":"post_tag","embeddable":true,"href":"https:\/\/cultura.umh.es\/es\/wp-json\/wp\/v2\/tags?post=10759"}],"curies":[{"name":"wp","href":"https:\/\/api.w.org\/{rel}","templated":true}]}}