{"id":10626,"date":"2021-10-22T11:54:01","date_gmt":"2021-10-22T09:54:01","guid":{"rendered":"https:\/\/cultura.umh.es\/?p=10626"},"modified":"2026-02-18T14:50:02","modified_gmt":"2026-02-18T13:50:02","slug":"exposicio-dart-infantil-viure-la-mirada","status":"publish","type":"post","link":"https:\/\/cultura.umh.es\/es\/2021\/10\/22\/exposicio-dart-infantil-viure-la-mirada\/","title":{"rendered":"Exposici\u00f3n de arte infantil Viure la mirada"},"content":{"rendered":"<p><\/p>\n<h4><a href=\"https:\/\/cultura.umh.es\/files\/2021\/10\/ViureLaMirada_Novedades.jpg\"><img loading=\"lazy\" class=\"alignnone size-medium wp-image-10629\" src=\"https:\/\/cultura.umh.es\/files\/2021\/10\/ViureLaMirada_Novedades-300x183.jpg\" alt=\"Exposici\u00f3n de arte infantil Viure la mirada\" width=\"300\" height=\"183\" srcset=\"https:\/\/cultura.umh.es\/files\/2021\/10\/ViureLaMirada_Novedades-300x183.jpg 300w, https:\/\/cultura.umh.es\/files\/2021\/10\/ViureLaMirada_Novedades.jpg 369w\" sizes=\"(max-width: 300px) 100vw, 300px\" \/><\/a><\/h4>\n<h4><strong>Viure la mirada. Exposici\u00f3n de arte infantil. IX edici\u00f3n<\/strong><em><br \/>\n<\/em><\/h4>\n<p>Muestra de arte infantil donde ni\u00f1os y ni\u00f1as de educaci\u00f3n infantil y primaria trabajan la aproximaci\u00f3n al arte para educar la mirada, la mano y el pensamiento.<\/p>\n<p><strong>Del 8 al 26 de noviembre 2021<\/strong>, en la sala ECO (Espai Cultural Obert) de \u2018edificio Altabix, campus de Elche.<\/p>\n<p><strong>Inauguraci\u00f3n:<\/strong> D\u00eda 8 a las 17:30 horas.<\/p>\n<p>Horario: De lunes a viernes de 9:00 a 21:00 horas, y los s\u00e1bados de 9:00 a 13:00 horas.<\/p>\n<p>Ir a Sala ECO<\/p>","protected":false},"excerpt":{"rendered":"<p>Viure la mirada. Exposici\u00f3n de arte infantil. IX edici\u00f3n<\/p>\n<p>Muestra de arte infantil donde ni\u00f1os y ni\u00f1as de educaci\u00f3n infantil y primaria trabajan la aproximaci\u00f3n al arte para educar la mirada, la mano y el pensamiento.<br \/>\nDel 8 al 26 de noviembre 2021, en la sala ECO (Espai Cultural Obert) de \u2018edificio Altabix, campus de Elche.<br \/>\nInauguraci\u00f3n: D\u00eda [&#8230;]<\/p>\n","protected":false},"author":2954,"featured_media":0,"comment_status":"closed","ping_status":"closed","sticky":false,"template":"","format":"standard","meta":{"ngg_post_thumbnail":0,"_links_to":"","_links_to_target":""},"categories":[55516],"tags":[363958,363921],"_links":{"self":[{"href":"https:\/\/cultura.umh.es\/es\/wp-json\/wp\/v2\/posts\/10626"}],"collection":[{"href":"https:\/\/cultura.umh.es\/es\/wp-json\/wp\/v2\/posts"}],"about":[{"href":"https:\/\/cultura.umh.es\/es\/wp-json\/wp\/v2\/types\/post"}],"author":[{"embeddable":true,"href":"https:\/\/cultura.umh.es\/es\/wp-json\/wp\/v2\/users\/2954"}],"replies":[{"embeddable":true,"href":"https:\/\/cultura.umh.es\/es\/wp-json\/wp\/v2\/comments?post=10626"}],"version-history":[{"count":0,"href":"https:\/\/cultura.umh.es\/es\/wp-json\/wp\/v2\/posts\/10626\/revisions"}],"wp:attachment":[{"href":"https:\/\/cultura.umh.es\/es\/wp-json\/wp\/v2\/media?parent=10626"}],"wp:term":[{"taxonomy":"category","embeddable":true,"href":"https:\/\/cultura.umh.es\/es\/wp-json\/wp\/v2\/categories?post=10626"},{"taxonomy":"post_tag","embeddable":true,"href":"https:\/\/cultura.umh.es\/es\/wp-json\/wp\/v2\/tags?post=10626"}],"curies":[{"name":"wp","href":"https:\/\/api.w.org\/{rel}","templated":true}]}}