{"id":10508,"date":"2021-07-20T13:14:25","date_gmt":"2021-07-20T11:14:25","guid":{"rendered":"https:\/\/cultura.umh.es\/?p=10508"},"modified":"2025-01-29T13:54:54","modified_gmt":"2025-01-29T12:54:54","slug":"leonardo","status":"publish","type":"post","link":"https:\/\/cultura.umh.es\/es\/2021\/07\/20\/leonardo\/","title":{"rendered":"Leonardo"},"content":{"rendered":"<p><\/p>\n<h3><strong>Leonardo<\/strong><\/h3>\n<p><a href=\"https:\/\/cultura.umh.es\/files\/2021\/06\/Leonardo_nov.jpg\"><img loading=\"lazy\" class=\"alignnone size-medium wp-image-10454\" src=\"https:\/\/cultura.umh.es\/files\/2021\/06\/Leonardo_nov-300x183.jpg\" alt=\"Leonardo, por la Compa\u00f1\u00eda de Teatro UMH\" width=\"300\" height=\"183\" srcset=\"https:\/\/cultura.umh.es\/files\/2021\/06\/Leonardo_nov-300x183.jpg 300w, https:\/\/cultura.umh.es\/files\/2021\/06\/Leonardo_nov.jpg 369w\" sizes=\"(max-width: 300px) 100vw, 300px\" \/><\/a><\/p>\n<p>La <strong>Compa\u00f1\u00eda de Teatro de la Universidad Miguel Hern\u00e1ndez de Elche<\/strong>, dirigida por Ad\u00e1n Rodr\u00edguez, presenta <strong><em>Leonardo<\/em><\/strong>, una adaptaci\u00f3n dram\u00e1tica de&nbsp;<strong><em>Bodas de sangre<\/em><\/strong>, de Federico Garc\u00eda Lorca.&nbsp;<em>Leonardo<\/em>&nbsp;\u00abel de los F\u00e9lix\u00bb, se enfrenta a un doble conflicto que pesa sobre su sino de manera irreversible. El desamor y el odio entre dos familias que est\u00e1n enfrentadas para siempre por delitos de sangre.<\/p>\n<ul>\n<li><a href=\"https:\/\/www.youtube.com\/watch?v=QJ9iFZy5P1g\" target=\"_blank\" rel=\"noopener noreferrer\"><strong>Ver videodocumental Leonardo<\/strong><\/a><\/li>\n<\/ul>\n<iframe  style=\"display: block; margin: 0px auto;\"  id=\"_ytid_14634\"  width=\"480\" height=\"270\"  data-origwidth=\"480\" data-origheight=\"270\" src=\"https:\/\/www.youtube.com\/embed\/QJ9iFZy5P1g?enablejsapi=1&autoplay=0&cc_load_policy=0&cc_lang_pref=&iv_load_policy=1&loop=0&modestbranding=0&rel=1&fs=1&playsinline=0&autohide=2&theme=dark&color=red&controls=1&\" class=\"__youtube_prefs__  no-lazyload\" title=\"YouTube player\"  allow=\"accelerometer; autoplay; clipboard-write; encrypted-media; gyroscope; picture-in-picture\" allowfullscreen data-no-lazy=\"1\" data-skipgform_ajax_framebjll=\"\"><\/iframe>\n<ul>\n<li><a href=\"https:\/\/cultura.umh.es\/es\/teatre2\/representacions-companyia-umh\/\">Ir a Representaciones Compa\u00f1\u00eda de Teatro UMH&nbsp;<\/a><\/li>\n<\/ul>\n<p><\/p>","protected":false},"excerpt":{"rendered":"<p>Leonardo<\/p>\n<p>La Compa\u00f1\u00eda de Teatro de la Universidad Miguel Hern\u00e1ndez de Elche, dirigida por Ad\u00e1n Rodr\u00edguez, presenta Leonardo, una adaptaci\u00f3n dram\u00e1tica de&nbsp;Bodas de sangre, de Federico Garc\u00eda Lorca.&nbsp;Leonardo&nbsp;\u00abel de los F\u00e9lix\u00bb, se enfrenta a un doble conflicto que pesa sobre su sino de manera irreversible. El desamor y el odio entre dos familias que est\u00e1n enfrentadas [&#8230;]<\/p>\n","protected":false},"author":2954,"featured_media":0,"comment_status":"closed","ping_status":"closed","sticky":false,"template":"","format":"standard","meta":{"ngg_post_thumbnail":0,"_links_to":"","_links_to_target":""},"categories":[701],"tags":[1056500,287049],"_links":{"self":[{"href":"https:\/\/cultura.umh.es\/es\/wp-json\/wp\/v2\/posts\/10508"}],"collection":[{"href":"https:\/\/cultura.umh.es\/es\/wp-json\/wp\/v2\/posts"}],"about":[{"href":"https:\/\/cultura.umh.es\/es\/wp-json\/wp\/v2\/types\/post"}],"author":[{"embeddable":true,"href":"https:\/\/cultura.umh.es\/es\/wp-json\/wp\/v2\/users\/2954"}],"replies":[{"embeddable":true,"href":"https:\/\/cultura.umh.es\/es\/wp-json\/wp\/v2\/comments?post=10508"}],"version-history":[{"count":0,"href":"https:\/\/cultura.umh.es\/es\/wp-json\/wp\/v2\/posts\/10508\/revisions"}],"wp:attachment":[{"href":"https:\/\/cultura.umh.es\/es\/wp-json\/wp\/v2\/media?parent=10508"}],"wp:term":[{"taxonomy":"category","embeddable":true,"href":"https:\/\/cultura.umh.es\/es\/wp-json\/wp\/v2\/categories?post=10508"},{"taxonomy":"post_tag","embeddable":true,"href":"https:\/\/cultura.umh.es\/es\/wp-json\/wp\/v2\/tags?post=10508"}],"curies":[{"name":"wp","href":"https:\/\/api.w.org\/{rel}","templated":true}]}}