{"id":779,"date":"2009-05-14T10:00:49","date_gmt":"2009-05-14T08:00:49","guid":{"rendered":"http:\/\/valencia.zeus.umh.es\/?p=32"},"modified":"2023-09-19T12:22:48","modified_gmt":"2023-09-19T10:22:48","slug":"iii-mostra-de-musica-en-valencia","status":"publish","type":"post","link":"https:\/\/cultura.umh.es\/en\/2009\/05\/14\/iii-mostra-de-musica-en-valencia\/","title":{"rendered":"III Mostra de m\u00fasica en valenci\u00e0"},"content":{"rendered":"<p>III edici\u00f3 de la Mostra de m\u00fasica en valenci\u00e0 de la umh, dijous 21 de maig, Sala Bailongo d&#8217;Elx.<\/p>\n<p><a href=\"http:\/\/ve.umh.es\/blogs\/valencia\/mostrademusica\/08-09\/umhfest.jpg\" target=\"_blank\" rel=\"noopener\">Cartell<\/a><\/p>\n<p>M\u00e9s info en\u00a0<a href=\"http:\/\/epse.es\/musval\/\" target=\"_blank\" rel=\"noopener\">http:\/\/epse.es\/musval\/<\/a><\/p>","protected":false},"excerpt":{"rendered":"<p>III edici\u00f3 de la Mostra de m\u00fasica en valenci\u00e0 de la umh, dijous 21 de maig, Sala Bailongo d&#8217;Elx.<br \/>\nCartell<br \/>\nM\u00e9s info en\u00a0http:\/\/epse.es\/musval\/<\/p>\n","protected":false},"author":1,"featured_media":0,"comment_status":"closed","ping_status":"closed","sticky":false,"template":"","format":"standard","meta":{"ngg_post_thumbnail":0,"_links_to":"","_links_to_target":""},"categories":[1233],"tags":[363956],"_links":{"self":[{"href":"https:\/\/cultura.umh.es\/en\/wp-json\/wp\/v2\/posts\/779"}],"collection":[{"href":"https:\/\/cultura.umh.es\/en\/wp-json\/wp\/v2\/posts"}],"about":[{"href":"https:\/\/cultura.umh.es\/en\/wp-json\/wp\/v2\/types\/post"}],"author":[{"embeddable":true,"href":"https:\/\/cultura.umh.es\/en\/wp-json\/wp\/v2\/users\/1"}],"replies":[{"embeddable":true,"href":"https:\/\/cultura.umh.es\/en\/wp-json\/wp\/v2\/comments?post=779"}],"version-history":[{"count":0,"href":"https:\/\/cultura.umh.es\/en\/wp-json\/wp\/v2\/posts\/779\/revisions"}],"wp:attachment":[{"href":"https:\/\/cultura.umh.es\/en\/wp-json\/wp\/v2\/media?parent=779"}],"wp:term":[{"taxonomy":"category","embeddable":true,"href":"https:\/\/cultura.umh.es\/en\/wp-json\/wp\/v2\/categories?post=779"},{"taxonomy":"post_tag","embeddable":true,"href":"https:\/\/cultura.umh.es\/en\/wp-json\/wp\/v2\/tags?post=779"}],"curies":[{"name":"wp","href":"https:\/\/api.w.org\/{rel}","templated":true}]}}