{"id":67,"date":"2009-03-23T12:45:25","date_gmt":"2009-03-23T11:45:25","guid":{"rendered":"http:\/\/cultura.zeus.umh.es\/?p=67"},"modified":"2023-09-19T12:33:11","modified_gmt":"2023-09-19T10:33:11","slug":"xarrada-como-preparar-una-expedicion-de-alta-montana","status":"publish","type":"post","link":"https:\/\/cultura.umh.es\/en\/2009\/03\/23\/xarrada-como-preparar-una-expedicion-de-alta-montana\/","title":{"rendered":"Xarrada &#8220;C\u00f3mo preparar una expedici\u00f3n de alta monta\u00f1a&#8221;"},"content":{"rendered":"<p>Proyecci\u00f3 audiovisual \u201cExpedici\u00f3n Elbrus 5.642 mts. La monta\u00f1a m\u00e1s alta de Europa\u201d<\/p>\n<p>Dia: dimarts 24 de mar\u00e7<\/p>\n<p>Hora: 18:00h<\/p>\n<p>Lloc: 0.2 edifici La G\u00e0lia. Campus d&#8217;Elx<\/p>\n<p><a href=\"http:\/\/ve.umh.es\/blogs\/extensio\/altresactivitats\/08-09\/charla_alpinistas.doc\" target=\"_blank\" rel=\"noopener\">M\u00e9s informaci\u00f3<\/a><\/p>\n<p><a href=\"http:\/\/ve.umh.es\/blogs\/extensio\/altresactivitats\/08-09\/charla_alpinistas.jpg\" target=\"_blank\" rel=\"noopener\">Cartell<\/a><\/p>","protected":false},"excerpt":{"rendered":"<p>Proyecci\u00f3 audiovisual \u201cExpedici\u00f3n Elbrus 5.642 mts. La monta\u00f1a m\u00e1s alta de Europa\u201d<br \/>\nDia: dimarts 24 de mar\u00e7<br \/>\nHora: 18:00h<br \/>\nLloc: 0.2 edifici La G\u00e0lia. Campus d&#8217;Elx<br \/>\nM\u00e9s informaci\u00f3<br \/>\nCartell<\/p>\n","protected":false},"author":1,"featured_media":0,"comment_status":"closed","ping_status":"closed","sticky":false,"template":"","format":"standard","meta":{"ngg_post_thumbnail":0,"_links_to":"","_links_to_target":""},"categories":[710],"tags":[],"_links":{"self":[{"href":"https:\/\/cultura.umh.es\/en\/wp-json\/wp\/v2\/posts\/67"}],"collection":[{"href":"https:\/\/cultura.umh.es\/en\/wp-json\/wp\/v2\/posts"}],"about":[{"href":"https:\/\/cultura.umh.es\/en\/wp-json\/wp\/v2\/types\/post"}],"author":[{"embeddable":true,"href":"https:\/\/cultura.umh.es\/en\/wp-json\/wp\/v2\/users\/1"}],"replies":[{"embeddable":true,"href":"https:\/\/cultura.umh.es\/en\/wp-json\/wp\/v2\/comments?post=67"}],"version-history":[{"count":0,"href":"https:\/\/cultura.umh.es\/en\/wp-json\/wp\/v2\/posts\/67\/revisions"}],"wp:attachment":[{"href":"https:\/\/cultura.umh.es\/en\/wp-json\/wp\/v2\/media?parent=67"}],"wp:term":[{"taxonomy":"category","embeddable":true,"href":"https:\/\/cultura.umh.es\/en\/wp-json\/wp\/v2\/categories?post=67"},{"taxonomy":"post_tag","embeddable":true,"href":"https:\/\/cultura.umh.es\/en\/wp-json\/wp\/v2\/tags?post=67"}],"curies":[{"name":"wp","href":"https:\/\/api.w.org\/{rel}","templated":true}]}}