{"id":546,"date":"2011-06-28T12:33:00","date_gmt":"2011-06-28T10:33:00","guid":{"rendered":"http:\/\/cultura.zeus.umh.es\/?p=546"},"modified":"2023-09-12T13:45:18","modified_gmt":"2023-09-12T11:45:18","slug":"exposicio-com-veus-la-ciencia-amb-la-ruvid","status":"publish","type":"post","link":"https:\/\/cultura.umh.es\/en\/2011\/06\/28\/exposicio-com-veus-la-ciencia-amb-la-ruvid\/","title":{"rendered":"Exposici\u00f3 &#8220;Com veus la ci\u00e8ncia?&#8221;, amb la RUVID"},"content":{"rendered":"<p>Exposici\u00f3 de fotografies cient\u00edfiques del concurs que organitza la RUVID anualment. Del\u00a030 de juny al 29 de juliol en l&#8217;ECO, espai cultural obert de l&#8217;edifici Altabix.<\/p>\n<p><a href=\"https:\/\/cultura.umh.es\/files\/2011\/09\/2011-jul-comveuslaciencia.jpeg\"><img loading=\"lazy\" class=\"alignnone size-medium wp-image-547\" src=\"https:\/\/cultura.umh.es\/files\/2011\/09\/2011-jul-comveuslaciencia-212x300.jpg\" alt=\"\" width=\"170\" height=\"240\" srcset=\"https:\/\/cultura.umh.es\/files\/2011\/09\/2011-jul-comveuslaciencia-212x300.jpg 212w, https:\/\/cultura.umh.es\/files\/2011\/09\/2011-jul-comveuslaciencia-726x1024.jpg 726w, https:\/\/cultura.umh.es\/files\/2011\/09\/2011-jul-comveuslaciencia.jpeg 853w\" sizes=\"(max-width: 170px) 100vw, 170px\" \/><\/a><\/p>\n<p><!--more--><\/p>\n<p>[<a href=\"https:\/\/universite.umh.es\/localizaciones\/default.htm?&amp;selT=estancias&amp;selI=E11P0085\">Veure pantalla completa<\/a>]<br><br><iframe src=\"https:\/\/universite.umh.es\/localizaciones\/default.htm?face=nok&amp;selT=estancias&amp;selI=E11P0085\" frameborder=0 style=\"border: 0px solid #ffffff;\" width=\"600 px\" height=\"425 px\"><\/iframe>\n<\/p>","protected":false},"excerpt":{"rendered":"<p>Exposici\u00f3 de fotografies cient\u00edfiques del concurs que organitza la RUVID anualment. Del\u00a030 de juny al 29 de juliol en l&#8217;ECO, espai cultural obert de l&#8217;edifici Altabix.<\/p>\n<p>[Veure pantalla completa]<\/p>\n","protected":false},"author":1,"featured_media":0,"comment_status":"closed","ping_status":"closed","sticky":false,"template":"","format":"standard","meta":{"ngg_post_thumbnail":0,"_links_to":"","_links_to_target":""},"categories":[55516],"tags":[70398],"_links":{"self":[{"href":"https:\/\/cultura.umh.es\/en\/wp-json\/wp\/v2\/posts\/546"}],"collection":[{"href":"https:\/\/cultura.umh.es\/en\/wp-json\/wp\/v2\/posts"}],"about":[{"href":"https:\/\/cultura.umh.es\/en\/wp-json\/wp\/v2\/types\/post"}],"author":[{"embeddable":true,"href":"https:\/\/cultura.umh.es\/en\/wp-json\/wp\/v2\/users\/1"}],"replies":[{"embeddable":true,"href":"https:\/\/cultura.umh.es\/en\/wp-json\/wp\/v2\/comments?post=546"}],"version-history":[{"count":0,"href":"https:\/\/cultura.umh.es\/en\/wp-json\/wp\/v2\/posts\/546\/revisions"}],"wp:attachment":[{"href":"https:\/\/cultura.umh.es\/en\/wp-json\/wp\/v2\/media?parent=546"}],"wp:term":[{"taxonomy":"category","embeddable":true,"href":"https:\/\/cultura.umh.es\/en\/wp-json\/wp\/v2\/categories?post=546"},{"taxonomy":"post_tag","embeddable":true,"href":"https:\/\/cultura.umh.es\/en\/wp-json\/wp\/v2\/tags?post=546"}],"curies":[{"name":"wp","href":"https:\/\/api.w.org\/{rel}","templated":true}]}}