{"id":4825,"date":"2017-01-12T13:57:55","date_gmt":"2017-01-12T12:57:55","guid":{"rendered":"http:\/\/cultura.umh.es\/?p=4825"},"modified":"2023-09-07T13:37:48","modified_gmt":"2023-09-07T11:37:48","slug":"curs-dhivern-il%c2%b7luminacio-professional-amb-flaixos-de-ma","status":"publish","type":"post","link":"https:\/\/cultura.umh.es\/en\/2017\/01\/12\/curs-dhivern-il%c2%b7luminacio-professional-amb-flaixos-de-ma\/","title":{"rendered":"Curso de invierno &#8221; Iluminaci\u00f3n profesional con flashes de mano y construcci\u00f3n de herramientas propias&#8221;"},"content":{"rendered":"<p><img loading=\"lazy\" class=\"alignleft size-full wp-image-4826\" src=\"https:\/\/cultura.umh.es\/files\/2017\/01\/image002.jpg\" alt=\"image002\" width=\"409\" height=\"441\" srcset=\"https:\/\/cultura.umh.es\/files\/2017\/01\/image002.jpg 409w, https:\/\/cultura.umh.es\/files\/2017\/01\/image002-278x300.jpg 278w\" sizes=\"(max-width: 409px) 100vw, 409px\" \/><\/p>\n<div>\n<div class=\"caja-datos\">\n<p><a href=\"http:\/\/www.umh.es\/contenido\/Estudiantes\/:tit_fpo_8109\/datos_es.html\" target=\"_blank\" rel=\"noopener\"><span style=\"color: #0000ff\"><strong>Informaci\u00f3n y matr\u00edcula del curso<\/strong><\/span><\/a><\/p>\n<p>El curso Iluminaci\u00f3n Profesional con flashes de mano y construcci\u00f3n de herramientas propias se propone en la Universidad Miguel Hern\u00e1ndez de Elche como una formaci\u00f3n complementaria a los programas de las asignaturas impartidas en los grados de Bellas Artes y de Comunicaci\u00f3n Audiovisual.<\/p>\n<p>Se trata de un curso en el que, por un lado, se profundizar\u00e1 en el correcto manejo de la luz y en la capacidad descriptiva y expresiva de la misma. Y por otro, procurar\u00e1 los conocimientos necesarios a los y las estudiantes y\/o profesionales del medio para construir de forma econ\u00f3mica sus propios accesorios de iluminaci\u00f3n.<\/p>\n<p>Todo ello se ver\u00e1 traducido en una mayor autonom\u00eda y profesionalizaci\u00f3n en el trabajo del alumnado, bien sea en en los proyectos de foto y v\u00eddeo desarrollados en el marco universitario o bien en el marco profesional.<\/p>\n<\/div>\n<\/div>\n<div>\n<h4>Objetivos del curso<\/h4>\n<div class=\"caja-datos\">&#8211; Aprender a iluminar profesionalmente sin usar costosos equipos de iluminaci\u00f3n y caros accesorios, s\u00f3lo con equipos baratos y al alcance de todos\/as<br \/>\n&#8211; Aprender a construir accesorios para modificar la luz<br \/>\n&#8211; Desarrollar la creatividad de los\/as estudiantes a trav\u00e9s de la creaci\u00f3n de estas herramientas de trabajo y del manejo de la luz<br \/>\n&#8211; Ampliar y profundizar en las capacidades descriptiva y expresiva de la luz<\/div>\n<\/div>\n<p><\/p>","protected":false},"excerpt":{"rendered":"<p>Informaci\u00f3n y matr\u00edcula del curso<br \/>\nEl curso Iluminaci\u00f3n Profesional con flashes de mano y construcci\u00f3n de herramientas propias se propone en la Universidad Miguel Hern\u00e1ndez de Elche como una formaci\u00f3n complementaria a los programas de las asignaturas impartidas en los grados de Bellas Artes y de Comunicaci\u00f3n Audiovisual.<br \/>\nSe trata de un curso en el que, por [&#8230;]<\/p>\n","protected":false},"author":3564,"featured_media":4826,"comment_status":"closed","ping_status":"closed","sticky":false,"template":"","format":"standard","meta":{"ngg_post_thumbnail":0,"_links_to":"","_links_to_target":""},"categories":[6],"tags":[55517,44844],"_links":{"self":[{"href":"https:\/\/cultura.umh.es\/en\/wp-json\/wp\/v2\/posts\/4825"}],"collection":[{"href":"https:\/\/cultura.umh.es\/en\/wp-json\/wp\/v2\/posts"}],"about":[{"href":"https:\/\/cultura.umh.es\/en\/wp-json\/wp\/v2\/types\/post"}],"author":[{"embeddable":true,"href":"https:\/\/cultura.umh.es\/en\/wp-json\/wp\/v2\/users\/3564"}],"replies":[{"embeddable":true,"href":"https:\/\/cultura.umh.es\/en\/wp-json\/wp\/v2\/comments?post=4825"}],"version-history":[{"count":0,"href":"https:\/\/cultura.umh.es\/en\/wp-json\/wp\/v2\/posts\/4825\/revisions"}],"wp:featuredmedia":[{"embeddable":true,"href":"https:\/\/cultura.umh.es\/en\/wp-json\/wp\/v2\/media\/4826"}],"wp:attachment":[{"href":"https:\/\/cultura.umh.es\/en\/wp-json\/wp\/v2\/media?parent=4825"}],"wp:term":[{"taxonomy":"category","embeddable":true,"href":"https:\/\/cultura.umh.es\/en\/wp-json\/wp\/v2\/categories?post=4825"},{"taxonomy":"post_tag","embeddable":true,"href":"https:\/\/cultura.umh.es\/en\/wp-json\/wp\/v2\/tags?post=4825"}],"curies":[{"name":"wp","href":"https:\/\/api.w.org\/{rel}","templated":true}]}}