{"id":4107,"date":"2016-06-09T18:57:19","date_gmt":"2016-06-09T16:57:19","guid":{"rendered":"http:\/\/cultura.umh.es\/?p=4107"},"modified":"2023-09-07T13:57:16","modified_gmt":"2023-09-07T11:57:16","slug":"exposicions-sixto-marco-antologia-politica-y-les-bambolines-del-misteri","status":"publish","type":"post","link":"https:\/\/cultura.umh.es\/en\/2016\/06\/09\/exposicions-sixto-marco-antologia-politica-y-les-bambolines-del-misteri\/","title":{"rendered":"Exposiciones &#8220;Sixto Marco. Antolog\u00eda Pol\u00edtica&#8221; y &#8220;Les Bambolines del Misteri&#8221;"},"content":{"rendered":"<p>&nbsp;<br \/>\n&nbsp;<br \/>\n&nbsp;<\/p>\n<pre id=\"tw-target-text\" class=\"tw-data-text vk_txt tw-ta tw-text-small\"><span lang=\"en\">[Sorry , this post is only found in spanish<\/span>]<\/pre>\n<p>El Vicerrectorado de Cultura y Extensi\u00f3n Universitaria de la Universidad Miguel Hern\u00e1ndez (UMH) de Elche, en colaboraci\u00f3n con el Vicerrectorado de Relaciones Institucionales de la UMH, han organizado la muestra de pintura \u201cSixto Marco. Antolog\u00eda pol\u00edtica\u201d, as\u00ed como\u00a0 la exposici\u00f3n videogr\u00e1fica \u201cLes Bambolines del Misteri\u201d. La vicerrectora de Cultura , Tatiana Sentamans, inaugurar\u00f3 ambas muestras ma\u00f1ana jueves, 2 de junio, a las 19:00 horas, en la Sala Universitas del Edificio Rectorado y Consejo Social del Campus de Elche. Las exposiciones estar\u00e1n abiertas al p\u00fablico hasta el 28 de septiembre.<span id=\"more-91003\"><\/span><a href=\"https:\/\/comunicacion.umh.es\/files\/2016\/06\/01-06-16-expo-sixto-marco.jpg\"><img loading=\"lazy\" class=\" size-medium wp-image-91004 alignleft\" src=\"https:\/\/comunicacion.umh.es\/files\/2016\/06\/01-06-16-expo-sixto-marco-212x300.jpg\" alt=\"01-06-16-expo sixto marco\" width=\"212\" height=\"300\" \/><\/a><\/p>\n<p>Estas muestras se han organizado con motivo del C Aniversario del Nacimiento de Sixto Marco y del XV Aniversario del Misteri d\u2019Elx como Patrimonio de la Humanidad. Por un lado, la exposici\u00f3n del artista Sixto Marco aborda la obra de este reconocido artista ilicitano en su producci\u00f3n de la d\u00e9cada de los setenta. Seg\u00fan los organizadores, mediante el uso del \u00f3leo, la tinta o el <em>collage<\/em> se recogen obras centradas casi exclusivamente en tem\u00e1tica pol\u00edtica y poco conocidas por el p\u00fablico. Con una peculiar narrativa simb\u00f3lica, Marco recoge una serie de testimonios pict\u00f3ricos que ayudar\u00e1n a entender al p\u00fablico no s\u00f3lo la actitud y el compromiso de este artista, sino su capacidad para mostrar la evidencia de unos hechos que ten\u00edan lugar entonces. Los comisarios de esta muestran son el director del \u00c1rea de Proyecci\u00f3n Cultural y Art\u00edstica de la UMH, Jos\u00e9 Manuel \u00c1lvarez Enjuto, y el director del \u00c1rea de Gesti\u00f3n y Programaci\u00f3n Cultural de la UMH, Javier Moreno. Asimismo, han contado con la colecci\u00f3n personal de Sixto Marco hijo.<a href=\"https:\/\/comunicacion.umh.es\/files\/2016\/06\/01-06-16-expo-bambolinas-misteri.jpg\"><img loading=\"lazy\" class=\" size-medium wp-image-91005 alignright\" src=\"https:\/\/comunicacion.umh.es\/files\/2016\/06\/01-06-16-expo-bambolinas-misteri-212x300.jpg\" alt=\"01-06-16-expo bambolinas misteri\" width=\"212\" height=\"300\" \/><\/a><\/p>\n<p style=\"text-align: left\">Por otro lado, la exposici\u00f3n \u201cLes Bambolines del Misteri\u201d, ubicada en la Sala Gris del edificio Rectorado y Consejo Social de la UMH, acerca al p\u00fablico al Misteri desde una visi\u00f3n documental e investigadora. Esta exposici\u00f3n muestra algunos fragmentos de documentales como \u201cEl Misterio de Elche\u201d de Gudie Lawaetz y Michael Dods (1978) o \u201cDas Mysterium von Elche\u201d de Heinz Dieckmann (1966), donde la Festa es la protagonista, as\u00ed como pel\u00edculas donde aparece como banda sonora como, por ejemplo, la pel\u00edcula \u201cPeppermint frapp\u00e9\u201d de Carlos Saura (1967) o \u201cImpressions de la Haute Mongolie\u201d de Salvador Dal\u00ed y Jos\u00e9 Montes Baquer. Todo ello, es fruto de la investigaci\u00f3n y recopilaci\u00f3n audiovisual de Jos\u00e9 Francisco C\u00e1mara i Sempere. La muestra se completa a trav\u00e9s de una videoinstalaci\u00f3n y de la serie de Actas de Sixto Marco, que parecen describir las bambalinas que encierran este acto. Con motivo de la muestra, estas obras han sido cedidas por el Patronato de la Festa y se enmarcan como la primera actividad dentro del convenio suscrito entre el\u00a0Patronato\u00a0y las cinco universidades p\u00fablicas valencianas para la difusi\u00f3n y el estudio de la Festa. Los comisarios de esta exposici\u00f3n son el director de la C\u00e1tedra del Misteri de la UMH, Pablo Mas, y el director del \u00c1rea de Gesti\u00f3n y Programaci\u00f3n Cultural de la Universidad, Javier Moreno.<\/p>\n<p style=\"text-align: left\">En la organizaci\u00f3n de ambas muestras han colaborado, tambi\u00e9n, la C\u00e1tedra Misteri d\u2019Elx de la UMH y el Museo de la Festa de Elche.<\/p>\n<p><\/p>","protected":false},"excerpt":{"rendered":"<p>&nbsp;<br \/>\n&nbsp;<br \/>\n&nbsp;<br \/>\n[Sorry , this post is only found in spanish]<br \/>\nEl Vicerrectorado de Cultura y Extensi\u00f3n Universitaria de la Universidad Miguel Hern\u00e1ndez (UMH) de Elche, en colaboraci\u00f3n con el Vicerrectorado de Relaciones Institucionales de la UMH, han organizado la muestra de pintura \u201cSixto Marco. Antolog\u00eda pol\u00edtica\u201d, as\u00ed como\u00a0 la exposici\u00f3n videogr\u00e1fica \u201cLes Bambolines del Misteri\u201d. La vicerrectora [&#8230;]<\/p>\n","protected":false},"author":3521,"featured_media":0,"comment_status":"closed","ping_status":"closed","sticky":false,"template":"","format":"standard","meta":{"ngg_post_thumbnail":0,"_links_to":"","_links_to_target":""},"categories":[55516],"tags":[55556],"_links":{"self":[{"href":"https:\/\/cultura.umh.es\/en\/wp-json\/wp\/v2\/posts\/4107"}],"collection":[{"href":"https:\/\/cultura.umh.es\/en\/wp-json\/wp\/v2\/posts"}],"about":[{"href":"https:\/\/cultura.umh.es\/en\/wp-json\/wp\/v2\/types\/post"}],"author":[{"embeddable":true,"href":"https:\/\/cultura.umh.es\/en\/wp-json\/wp\/v2\/users\/3521"}],"replies":[{"embeddable":true,"href":"https:\/\/cultura.umh.es\/en\/wp-json\/wp\/v2\/comments?post=4107"}],"version-history":[{"count":0,"href":"https:\/\/cultura.umh.es\/en\/wp-json\/wp\/v2\/posts\/4107\/revisions"}],"wp:attachment":[{"href":"https:\/\/cultura.umh.es\/en\/wp-json\/wp\/v2\/media?parent=4107"}],"wp:term":[{"taxonomy":"category","embeddable":true,"href":"https:\/\/cultura.umh.es\/en\/wp-json\/wp\/v2\/categories?post=4107"},{"taxonomy":"post_tag","embeddable":true,"href":"https:\/\/cultura.umh.es\/en\/wp-json\/wp\/v2\/tags?post=4107"}],"curies":[{"name":"wp","href":"https:\/\/api.w.org\/{rel}","templated":true}]}}