{"id":388,"date":"2010-03-28T13:04:37","date_gmt":"2010-03-28T11:04:37","guid":{"rendered":"http:\/\/cultura.zeus.umh.es\/?p=388"},"modified":"2025-06-20T13:42:47","modified_gmt":"2025-06-20T11:42:47","slug":"exposicion-miguel-hernandez-poeta-la-poesia-en-accion","status":"publish","type":"post","link":"https:\/\/cultura.umh.es\/en\/2010\/03\/28\/exposicion-miguel-hernandez-poeta-la-poesia-en-accion\/","title":{"rendered":"Exposici\u00f3n &#8220;Miguel Hern\u00e1ndez, poeta. La poes\u00eda en acci\u00f3n&#8221;"},"content":{"rendered":"<p><strong>Exposici\u00f3n<\/strong>: Del 29 de marzo al 30 de abril de 2010<\/p>\n<p><strong>Lugar<\/strong>: Espacio de exposiciones del Instituto Cervantes de Curitiba<\/p>\n<p><strong>C\u00edrculo de Lectura<\/strong>: &#8220;El autor en su voz. Miguel Hern\u00e1ndez&#8221;<\/p>\n<ul>\n<li>D\u00eda: 24 de marzo de 2010 a las 19:00h<\/li>\n<\/ul>\n<p><strong>Lugar<\/strong>: Biblioteca del Instituto Cervantes de Curitiba<\/p>\n<p><a href=\"https:\/\/cultura.umh.es\/files\/2010\/11\/2010-mar-mhinstitutocervantes.jpg\"><img loading=\"lazy\" class=\"alignnone size-medium wp-image-389\" src=\"https:\/\/cultura.umh.es\/files\/2010\/11\/2010-mar-mhinstitutocervantes-168x300.jpg\" alt=\"\" width=\"134\" height=\"240\" \/><\/a><a href=\"https:\/\/cultura.umh.es\/files\/2010\/11\/2010-mar-mhinstitutocervantes_circulolectura.jpg\"><img loading=\"lazy\" class=\"alignnone size-medium wp-image-390\" src=\"https:\/\/cultura.umh.es\/files\/2010\/11\/2010-mar-mhinstitutocervantes_circulolectura-212x300.jpg\" alt=\"\" width=\"170\" height=\"240\" srcset=\"https:\/\/cultura.umh.es\/files\/2010\/11\/2010-mar-mhinstitutocervantes_circulolectura-212x300.jpg 212w, https:\/\/cultura.umh.es\/files\/2010\/11\/2010-mar-mhinstitutocervantes_circulolectura.jpg 500w\" sizes=\"(max-width: 170px) 100vw, 170px\" \/><\/a><\/p>","protected":false},"excerpt":{"rendered":"<p>Exposici\u00f3n: Del 29 de marzo al 30 de abril de 2010<br \/>\nLugar: Espacio de exposiciones del Instituto Cervantes de Curitiba<br \/>\nC\u00edrculo de Lectura: &#8220;El autor en su voz. Miguel Hern\u00e1ndez&#8221;<\/p>\n<p>D\u00eda: 24 de marzo de 2010 a las 19:00h<\/p>\n<p>Lugar: Biblioteca del Instituto Cervantes de Curitiba<\/p>\n","protected":false},"author":1,"featured_media":0,"comment_status":"closed","ping_status":"closed","sticky":false,"template":"","format":"standard","meta":{"ngg_post_thumbnail":0,"_links_to":"","_links_to_target":""},"categories":[1232],"tags":[],"_links":{"self":[{"href":"https:\/\/cultura.umh.es\/en\/wp-json\/wp\/v2\/posts\/388"}],"collection":[{"href":"https:\/\/cultura.umh.es\/en\/wp-json\/wp\/v2\/posts"}],"about":[{"href":"https:\/\/cultura.umh.es\/en\/wp-json\/wp\/v2\/types\/post"}],"author":[{"embeddable":true,"href":"https:\/\/cultura.umh.es\/en\/wp-json\/wp\/v2\/users\/1"}],"replies":[{"embeddable":true,"href":"https:\/\/cultura.umh.es\/en\/wp-json\/wp\/v2\/comments?post=388"}],"version-history":[{"count":0,"href":"https:\/\/cultura.umh.es\/en\/wp-json\/wp\/v2\/posts\/388\/revisions"}],"wp:attachment":[{"href":"https:\/\/cultura.umh.es\/en\/wp-json\/wp\/v2\/media?parent=388"}],"wp:term":[{"taxonomy":"category","embeddable":true,"href":"https:\/\/cultura.umh.es\/en\/wp-json\/wp\/v2\/categories?post=388"},{"taxonomy":"post_tag","embeddable":true,"href":"https:\/\/cultura.umh.es\/en\/wp-json\/wp\/v2\/tags?post=388"}],"curies":[{"name":"wp","href":"https:\/\/api.w.org\/{rel}","templated":true}]}}