{"id":365,"date":"2010-10-22T11:40:48","date_gmt":"2010-10-22T09:40:48","guid":{"rendered":"http:\/\/cultura.zeus.umh.es\/?p=365"},"modified":"2025-06-20T13:22:14","modified_gmt":"2025-06-20T11:22:14","slug":"miguel-hernandez-poeta-encontre-internacional-de-performance-i-poesia-fonetica-homenatge-a-miguel-hernandez","status":"publish","type":"post","link":"https:\/\/cultura.umh.es\/en\/2010\/10\/22\/miguel-hernandez-poeta-encontre-internacional-de-performance-i-poesia-fonetica-homenatge-a-miguel-hernandez\/","title":{"rendered":"Miguel Hern\u00e1ndez, poeta &#8220;Encontre Internacional de performance i poesia fon\u00e8tica. Homenatge a Miguel Hern\u00e1ndez&#8221;"},"content":{"rendered":"<p>Programaci\u00f3n:<\/p>\n<p>* 19\/11\/2010, 21:00 h. (finalitzarem vora les 22:30 h.)<br \/>\no BARTOLOM\u00c9 FERRANDO, Val\u00e8ncia: &#8220;L\u00ednea sonora&#8221;.<br \/>\no NELO VILAR, Castell\u00f3: &#8220;Empat\u00eda MH&#8221;<br \/>\no MONTSERRAT PALACIOS, Val\u00e8ncia: &#8220;Coser y cantar. Un duo para m\u00e1quina de coser Singer y voz.&#8221;<br \/>\no JULIEN BLAINE, Fran\u00e7a: &#8220;Le r&#8217;appel de Magda&#8221;<\/p>\n<p>* 20\/11\/2010, 21:00 h. (finalitzarem vora les 22:30 h.)<br \/>\no JOSEP SOU, Alcoi: &#8220;M\u00fasica contra el dolor&#8221;<br \/>\no EDUARD ESCOFFET, Barcelona: &#8220;txtstate&#8221;.<br \/>\no FERNANDO AGUIAR, Portugal: &#8220;Sonoridades&#8221;<br \/>\no ESTHER FERRER, Fran\u00e7a, &#8220;Sense t\u00edtol&#8221;<\/p>\n<p>Lugar: Cente de Cultura Contempor\u00e0nia d&#8217;Elx L&#8217;Escorxador<br \/>\n<a href=\"http:\/\/ve.umh.es\/blogs\/edicionsimemories\/catalegs\/2010-nov-mhperformance.pdf\" target=\"_blank\" rel=\"noopener\">Cat\u00e1logo en pdf<\/a><br \/>\n<a href=\"http:\/\/issuu.com\/umh-cultura\/docs\/2010-nov-mhperformance.pdf?mode=embed&amp;amp;layout=http%3A%2F%2Fskin.issuu.com%2Fv%2Fdark%2Flayout.xml&amp;amp;showFlipBtn=true\" target=\"_blank\" rel=\"noopener\">Cat\u00e1logo interactivo<\/a><br \/>\n<a href=\"https:\/\/cultura.umh.es\/files\/2010\/10\/2010-nov-mhperformance.jpg\"><img loading=\"lazy\" class=\"alignnone size-medium wp-image-366\" src=\"https:\/\/cultura.umh.es\/files\/2010\/10\/2010-nov-mhperformance-212x300.jpg\" alt=\"\" width=\"170\" height=\"240\" srcset=\"https:\/\/cultura.umh.es\/files\/2010\/10\/2010-nov-mhperformance-212x300.jpg 212w, https:\/\/cultura.umh.es\/files\/2010\/10\/2010-nov-mhperformance-726x1024.jpg 726w, https:\/\/cultura.umh.es\/files\/2010\/10\/2010-nov-mhperformance.jpg 1138w\" sizes=\"(max-width: 170px) 100vw, 170px\" \/><\/a><br \/>\n<!--more--><\/p>\n<div><\/div>\n<p><\/p>","protected":false},"excerpt":{"rendered":"<p>Programaci\u00f3n:<br \/>\n* 19\/11\/2010, 21:00 h. (finalitzarem vora les 22:30 h.)<br \/>\no BARTOLOM\u00c9 FERRANDO, Val\u00e8ncia: &#8220;L\u00ednea sonora&#8221;.<br \/>\no NELO VILAR, Castell\u00f3: &#8220;Empat\u00eda MH&#8221;<br \/>\no MONTSERRAT PALACIOS, Val\u00e8ncia: &#8220;Coser y cantar. Un duo para m\u00e1quina de coser Singer y voz.&#8221;<br \/>\no JULIEN BLAINE, Fran\u00e7a: &#8220;Le r&#8217;appel de Magda&#8221;<br \/>\n* 20\/11\/2010, 21:00 h. (finalitzarem vora les 22:30 h.)<br \/>\no JOSEP SOU, Alcoi: &#8220;M\u00fasica contra el [&#8230;]<\/p>\n","protected":false},"author":1,"featured_media":0,"comment_status":"closed","ping_status":"closed","sticky":false,"template":"","format":"standard","meta":{"ngg_post_thumbnail":0,"_links_to":"","_links_to_target":""},"categories":[1232],"tags":[],"_links":{"self":[{"href":"https:\/\/cultura.umh.es\/en\/wp-json\/wp\/v2\/posts\/365"}],"collection":[{"href":"https:\/\/cultura.umh.es\/en\/wp-json\/wp\/v2\/posts"}],"about":[{"href":"https:\/\/cultura.umh.es\/en\/wp-json\/wp\/v2\/types\/post"}],"author":[{"embeddable":true,"href":"https:\/\/cultura.umh.es\/en\/wp-json\/wp\/v2\/users\/1"}],"replies":[{"embeddable":true,"href":"https:\/\/cultura.umh.es\/en\/wp-json\/wp\/v2\/comments?post=365"}],"version-history":[{"count":0,"href":"https:\/\/cultura.umh.es\/en\/wp-json\/wp\/v2\/posts\/365\/revisions"}],"wp:attachment":[{"href":"https:\/\/cultura.umh.es\/en\/wp-json\/wp\/v2\/media?parent=365"}],"wp:term":[{"taxonomy":"category","embeddable":true,"href":"https:\/\/cultura.umh.es\/en\/wp-json\/wp\/v2\/categories?post=365"},{"taxonomy":"post_tag","embeddable":true,"href":"https:\/\/cultura.umh.es\/en\/wp-json\/wp\/v2\/tags?post=365"}],"curies":[{"name":"wp","href":"https:\/\/api.w.org\/{rel}","templated":true}]}}