{"id":32,"date":"2008-10-01T10:40:59","date_gmt":"2008-10-01T08:40:59","guid":{"rendered":"http:\/\/cultura.zeus.umh.es\/?p=32"},"modified":"2023-09-19T09:51:45","modified_gmt":"2023-09-19T07:51:45","slug":"bernia-2008","status":"publish","type":"post","link":"https:\/\/cultura.umh.es\/en\/2008\/10\/01\/bernia-2008\/","title":{"rendered":"Exposici\u00f3 Concurso de Artes Pl\u00e1sticas &#8220;B\u00e8rnia 2008&#8243;"},"content":{"rendered":"<p>Espai Cultural Obert (ECO), Hall Est de l&#8217;Edifici Altabix<\/p>\n<p><strong>Inauguraci\u00f3<\/strong>: 7 d&#8217;octubre, 19:30 hores.<\/p>\n<p><strong>Exposici\u00f3<\/strong>: del 7\u00a0al 31 d&#8217;octubre.<\/p>\n<p><a href=\"http:\/\/issuu.com\/umh-cultura\/docs\/bernia08_catalogo?mode=embed&amp;documentId=090219113201-f4ad18717fa0473398dd377dcdc4031f&amp;layout=grey\" target=\"_blank\" rel=\"noopener\">Cat\u00e0leg interactiu<\/a><\/p>\n<p><a href=\"http:\/\/ve.umh.es\/blogs\/edicionsimemories\/catalegs\/2008-oct-bernia.pdf\" target=\"_blank\" rel=\"noopener\">Cat\u00e0leg en pdf<br \/>\n<\/a><\/p>","protected":false},"excerpt":{"rendered":"<p>Espai Cultural Obert (ECO), Hall Est de l&#8217;Edifici Altabix<br \/>\nInauguraci\u00f3: 7 d&#8217;octubre, 19:30 hores.<br \/>\nExposici\u00f3: del 7\u00a0al 31 d&#8217;octubre.<br \/>\nCat\u00e0leg interactiu<br \/>\nCat\u00e0leg en pdf<\/p>\n","protected":false},"author":1,"featured_media":0,"comment_status":"open","ping_status":"closed","sticky":false,"template":"","format":"standard","meta":{"ngg_post_thumbnail":0,"_links_to":"","_links_to_target":""},"categories":[55516],"tags":[364173,70398],"_links":{"self":[{"href":"https:\/\/cultura.umh.es\/en\/wp-json\/wp\/v2\/posts\/32"}],"collection":[{"href":"https:\/\/cultura.umh.es\/en\/wp-json\/wp\/v2\/posts"}],"about":[{"href":"https:\/\/cultura.umh.es\/en\/wp-json\/wp\/v2\/types\/post"}],"author":[{"embeddable":true,"href":"https:\/\/cultura.umh.es\/en\/wp-json\/wp\/v2\/users\/1"}],"replies":[{"embeddable":true,"href":"https:\/\/cultura.umh.es\/en\/wp-json\/wp\/v2\/comments?post=32"}],"version-history":[{"count":0,"href":"https:\/\/cultura.umh.es\/en\/wp-json\/wp\/v2\/posts\/32\/revisions"}],"wp:attachment":[{"href":"https:\/\/cultura.umh.es\/en\/wp-json\/wp\/v2\/media?parent=32"}],"wp:term":[{"taxonomy":"category","embeddable":true,"href":"https:\/\/cultura.umh.es\/en\/wp-json\/wp\/v2\/categories?post=32"},{"taxonomy":"post_tag","embeddable":true,"href":"https:\/\/cultura.umh.es\/en\/wp-json\/wp\/v2\/tags?post=32"}],"curies":[{"name":"wp","href":"https:\/\/api.w.org\/{rel}","templated":true}]}}