{"id":319,"date":"2010-06-14T10:40:59","date_gmt":"2010-06-14T08:40:59","guid":{"rendered":"http:\/\/cultura.zeus.umh.es\/?p=319"},"modified":"2025-06-20T13:24:06","modified_gmt":"2025-06-20T11:24:06","slug":"espectaculo-lorca-el-retablillo-de-don-cristobal-y-los-titeres-de-cachiporra","status":"publish","type":"post","link":"https:\/\/cultura.umh.es\/en\/2010\/06\/14\/espectaculo-lorca-el-retablillo-de-don-cristobal-y-los-titeres-de-cachiporra\/","title":{"rendered":"Espect\u00e1culo Lorca &#8220;El retablillo de Don Crist\u00f3bal y Los t\u00edteres de cachiporra&#8221;"},"content":{"rendered":"<p>El Grup Urb\u00e0 de teatre de la Facultat de Belles Arts representa aquestes farses de guinyol de Federico Garc\u00eda Lorca el dia 15 de juny a les 20:00 hores al Forum Mare Nostrum de l&#8217;Alf\u00e0s del Pi.<\/p>\n<p><a href=\"https:\/\/cultura.umh.es\/files\/2010\/09\/2010-jun-lorcaforum.jpg\"><img loading=\"lazy\" class=\"alignnone size-medium wp-image-323\" src=\"https:\/\/cultura.umh.es\/files\/2010\/09\/2010-jun-lorcaforum-213x300.jpg\" alt=\"\" width=\"170\" height=\"240\" srcset=\"https:\/\/cultura.umh.es\/files\/2010\/09\/2010-jun-lorcaforum-213x300.jpg 213w, https:\/\/cultura.umh.es\/files\/2010\/09\/2010-jun-lorcaforum.jpg 539w\" sizes=\"(max-width: 170px) 100vw, 170px\" \/><\/a><\/p>","protected":false},"excerpt":{"rendered":"<p>El Grup Urb\u00e0 de teatre de la Facultat de Belles Arts representa aquestes farses de guinyol de Federico Garc\u00eda Lorca el dia 15 de juny a les 20:00 hores al Forum Mare Nostrum de l&#8217;Alf\u00e0s del Pi.<\/p>\n","protected":false},"author":1,"featured_media":0,"comment_status":"closed","ping_status":"closed","sticky":false,"template":"","format":"standard","meta":{"ngg_post_thumbnail":0,"_links_to":"","_links_to_target":""},"categories":[701],"tags":[44427],"_links":{"self":[{"href":"https:\/\/cultura.umh.es\/en\/wp-json\/wp\/v2\/posts\/319"}],"collection":[{"href":"https:\/\/cultura.umh.es\/en\/wp-json\/wp\/v2\/posts"}],"about":[{"href":"https:\/\/cultura.umh.es\/en\/wp-json\/wp\/v2\/types\/post"}],"author":[{"embeddable":true,"href":"https:\/\/cultura.umh.es\/en\/wp-json\/wp\/v2\/users\/1"}],"replies":[{"embeddable":true,"href":"https:\/\/cultura.umh.es\/en\/wp-json\/wp\/v2\/comments?post=319"}],"version-history":[{"count":0,"href":"https:\/\/cultura.umh.es\/en\/wp-json\/wp\/v2\/posts\/319\/revisions"}],"wp:attachment":[{"href":"https:\/\/cultura.umh.es\/en\/wp-json\/wp\/v2\/media?parent=319"}],"wp:term":[{"taxonomy":"category","embeddable":true,"href":"https:\/\/cultura.umh.es\/en\/wp-json\/wp\/v2\/categories?post=319"},{"taxonomy":"post_tag","embeddable":true,"href":"https:\/\/cultura.umh.es\/en\/wp-json\/wp\/v2\/tags?post=319"}],"curies":[{"name":"wp","href":"https:\/\/api.w.org\/{rel}","templated":true}]}}