{"id":315,"date":"2010-06-15T09:46:01","date_gmt":"2010-06-15T07:46:01","guid":{"rendered":"http:\/\/cultura.zeus.umh.es\/?p=315"},"modified":"2023-09-13T13:21:06","modified_gmt":"2023-09-13T11:21:06","slug":"exposicion-piezas-de-cuerpos-de-futuro","status":"publish","type":"post","link":"https:\/\/cultura.umh.es\/en\/2010\/06\/15\/exposicion-piezas-de-cuerpos-de-futuro\/","title":{"rendered":"Exposici\u00f3n &#8220;Piezas de cuerpos de futuro&#8221;"},"content":{"rendered":"<p><\/p>\n<p>Exposici\u00f3n de escultura a cargo de la estudiante Erasmus Firdevs Saglam. Inauguraci\u00f3n 15 de junio 20:30 horas en el espacio LAC (La cantina de la Facultad de Bellas Artes). Se podr\u00e1 visitar hasta el 19 de junio.<\/p>\n<p><a href=\"https:\/\/cultura.umh.es\/files\/2010\/09\/2010-jun-piezasfuturolac.jpg\"><img loading=\"lazy\" class=\"alignnone size-medium wp-image-324\" src=\"https:\/\/cultura.umh.es\/files\/2010\/09\/2010-jun-piezasfuturolac-212x300.jpg\" alt=\"\" width=\"170\" height=\"240\" srcset=\"https:\/\/cultura.umh.es\/files\/2010\/09\/2010-jun-piezasfuturolac-212x300.jpg 212w, https:\/\/cultura.umh.es\/files\/2010\/09\/2010-jun-piezasfuturolac.jpg 539w\" sizes=\"(max-width: 170px) 100vw, 170px\" \/><\/a><\/p>\n<p><!--more-->[<a href=\"https:\/\/universite.umh.es\/localizaciones\/default.htm?&amp;selT=estancias&amp;selI=A05P1002\">Veure pantalla completa<\/a>]<br><br><iframe src=\"https:\/\/universite.umh.es\/localizaciones\/default.htm?face=nok&amp;selT=estancias&amp;selI=A05P1002\" frameborder=0 style=\"border: 0px solid #ffffff;\" width=\"600 px\" height=\"425 px\"><\/iframe>\n<\/p>\n<p><\/p>","protected":false},"excerpt":{"rendered":"<p>Exposici\u00f3n de escultura a cargo de la estudiante Erasmus Firdevs Saglam. Inauguraci\u00f3n 15 de junio 20:30 horas en el espacio LAC (La cantina de la Facultad de Bellas Artes). Se podr\u00e1 visitar hasta el 19 de junio.<\/p>\n<p>[Veure pantalla completa]<\/p>\n","protected":false},"author":1,"featured_media":0,"comment_status":"closed","ping_status":"closed","sticky":false,"template":"","format":"standard","meta":{"ngg_post_thumbnail":0,"_links_to":"","_links_to_target":""},"categories":[55516],"tags":[794],"_links":{"self":[{"href":"https:\/\/cultura.umh.es\/en\/wp-json\/wp\/v2\/posts\/315"}],"collection":[{"href":"https:\/\/cultura.umh.es\/en\/wp-json\/wp\/v2\/posts"}],"about":[{"href":"https:\/\/cultura.umh.es\/en\/wp-json\/wp\/v2\/types\/post"}],"author":[{"embeddable":true,"href":"https:\/\/cultura.umh.es\/en\/wp-json\/wp\/v2\/users\/1"}],"replies":[{"embeddable":true,"href":"https:\/\/cultura.umh.es\/en\/wp-json\/wp\/v2\/comments?post=315"}],"version-history":[{"count":0,"href":"https:\/\/cultura.umh.es\/en\/wp-json\/wp\/v2\/posts\/315\/revisions"}],"wp:attachment":[{"href":"https:\/\/cultura.umh.es\/en\/wp-json\/wp\/v2\/media?parent=315"}],"wp:term":[{"taxonomy":"category","embeddable":true,"href":"https:\/\/cultura.umh.es\/en\/wp-json\/wp\/v2\/categories?post=315"},{"taxonomy":"post_tag","embeddable":true,"href":"https:\/\/cultura.umh.es\/en\/wp-json\/wp\/v2\/tags?post=315"}],"curies":[{"name":"wp","href":"https:\/\/api.w.org\/{rel}","templated":true}]}}