{"id":2880,"date":"2015-03-16T11:28:22","date_gmt":"2015-03-16T10:28:22","guid":{"rendered":"http:\/\/cultura.umh.es\/?p=2880"},"modified":"2015-03-16T11:30:16","modified_gmt":"2015-03-16T10:30:16","slug":"la-umh-y-el-ayuntamiento-de-ibi-firman-un-convenio-para-la-realizacion-de-las-aulas-universitarias-de-la-experiencia-en-la-localidad","status":"publish","type":"post","link":"https:\/\/cultura.umh.es\/en\/2015\/03\/16\/la-umh-y-el-ayuntamiento-de-ibi-firman-un-convenio-para-la-realizacion-de-las-aulas-universitarias-de-la-experiencia-en-la-localidad\/","title":{"rendered":"La UMH y el Ayuntamiento de Ibi firman un convenio para la realizaci\u00f3n de las Aulas Universitarias de la Experiencia en la localidad"},"content":{"rendered":"<p><a style=\"float:left;padding-right:10px\" target=\"_blank\" href=\"https:\/\/cultura.umh.es\/files\/2015\/03\/13-03-15-Convenio-Aunex-Ibi_r.jpg\"><img loading=\"lazy\" src=\"https:\/\/cultura.umh.es\/files\/2015\/03\/13-03-15-Convenio-Aunex-Ibi_r-300x225.jpg\" alt=\"OLYMPUS DIGITAL CAMERA\" width=\"300\" height=\"225\" class=\"alignnone size-medium wp-image-2882\" srcset=\"https:\/\/cultura.umh.es\/files\/2015\/03\/13-03-15-Convenio-Aunex-Ibi_r-300x225.jpg 300w, https:\/\/cultura.umh.es\/files\/2015\/03\/13-03-15-Convenio-Aunex-Ibi_r-1024x768.jpg 1024w, https:\/\/cultura.umh.es\/files\/2015\/03\/13-03-15-Convenio-Aunex-Ibi_r.jpg 1501w\" sizes=\"(max-width: 300px) 100vw, 300px\" \/><\/a><\/p>\n<p>\nLa vicerrectora de Cultura y Extensi\u00f3n Universitaria de la Universidad Miguel Hern\u00e1ndez (UMH) de Elche, Esther Sitges, y el alcalde de Ibi, Rafael Serralta, han firmado un convenio para la renovaci\u00f3n de las Aulas Universitarias de la Experiencia (AUNEX) en esta localidad.\n<\/p>\n<p>\nLa UMH celebrar\u00e1 en Ibi la octava edici\u00f3n de las Aulas Universitarias de la Experiencia (AUNEX). Esta iniciativa es una oportunidad que permite estudiar a las personas que no han podido hacerlo con anterioridad y que supone una experiencia muy positiva para todos.\n<\/p>\n<p>\nEl programa de las Aulas Universitarias de la Experiencia de la UMH acoge a cerca de 500 alumnos cada a\u00f1o y se realiza desde el curso acad\u00e9mico 1999\/2000. A lo largo de los a\u00f1os ha aumentado el n\u00famero de sedes y de alumnos, as\u00ed como de actividades culturales por y para los mayores en la UMH. Para poder matricularse en las AUNEX, los alumnos deben ser mayores de 55 a\u00f1os. El curso tiene una duraci\u00f3n de dos a\u00f1os y consta de siete asignaturas y un ciclo de seminarios en los que se imparten, entre otras materias, conocimientos de Derecho, Historia, Psicolog\u00eda, Arte, Antropolog\u00eda, Sociolog\u00eda, Alimentaci\u00f3n, M\u00fasica, Teatro y Econom\u00eda.\n<\/p>\n<p><\/p>","protected":false},"excerpt":{"rendered":"<p>La vicerrectora de Cultura y Extensi\u00f3n Universitaria de la Universidad Miguel Hern\u00e1ndez (UMH) de Elche, Esther Sitges, y el alcalde de Ibi, Rafael Serralta, han firmado un convenio para la renovaci\u00f3n de las Aulas Universitarias de la Experiencia (AUNEX) en esta localidad.<\/p>\n<p>La UMH celebrar\u00e1 en Ibi la octava edici\u00f3n de las Aulas Universitarias de la [&#8230;]<\/p>\n","protected":false},"author":3050,"featured_media":0,"comment_status":"closed","ping_status":"closed","sticky":false,"template":"","format":"standard","meta":{"ngg_post_thumbnail":0,"_links_to":"","_links_to_target":""},"categories":[4047,565,689,65,631,568,636],"tags":[],"_links":{"self":[{"href":"https:\/\/cultura.umh.es\/en\/wp-json\/wp\/v2\/posts\/2880"}],"collection":[{"href":"https:\/\/cultura.umh.es\/en\/wp-json\/wp\/v2\/posts"}],"about":[{"href":"https:\/\/cultura.umh.es\/en\/wp-json\/wp\/v2\/types\/post"}],"author":[{"embeddable":true,"href":"https:\/\/cultura.umh.es\/en\/wp-json\/wp\/v2\/users\/3050"}],"replies":[{"embeddable":true,"href":"https:\/\/cultura.umh.es\/en\/wp-json\/wp\/v2\/comments?post=2880"}],"version-history":[{"count":0,"href":"https:\/\/cultura.umh.es\/en\/wp-json\/wp\/v2\/posts\/2880\/revisions"}],"wp:attachment":[{"href":"https:\/\/cultura.umh.es\/en\/wp-json\/wp\/v2\/media?parent=2880"}],"wp:term":[{"taxonomy":"category","embeddable":true,"href":"https:\/\/cultura.umh.es\/en\/wp-json\/wp\/v2\/categories?post=2880"},{"taxonomy":"post_tag","embeddable":true,"href":"https:\/\/cultura.umh.es\/en\/wp-json\/wp\/v2\/tags?post=2880"}],"curies":[{"name":"wp","href":"https:\/\/api.w.org\/{rel}","templated":true}]}}