{"id":2667,"date":"2014-11-18T10:15:01","date_gmt":"2014-11-18T09:15:01","guid":{"rendered":"http:\/\/cultura.umh.es\/?p=2667"},"modified":"2014-11-18T10:33:39","modified_gmt":"2014-11-18T09:33:39","slug":"conveni-de-col%c2%b7laboracio-amb-lajuntament-de-dolores","status":"publish","type":"post","link":"https:\/\/cultura.umh.es\/en\/2014\/11\/18\/conveni-de-col%c2%b7laboracio-amb-lajuntament-de-dolores\/","title":{"rendered":"Convenio de colaboraci\u00f3n con el Ayuntamiento de Dolores"},"content":{"rendered":"<p>La vicerrectora de Cultura y Extensi\u00f3n Universitaria de la Universidad Miguel Hern\u00e1ndez (UMH) de Elche, Esther Sitges Maci\u00e1, ha firmado un convenio de colaboraci\u00f3n con el Ayuntamiento de Dolores para impartir Cursos de Invierno en esta localidad. En concreto, la UMH ofertar\u00e1 en Dolores el Curso \u201cBlogs wordpress\u201d, que se desarrollar\u00e1 en el centro cultural durante enero y febrero de 2015. A la firma del convenio ha asistido el alcalde de Dolores, Joaqu\u00edn Hern\u00e1ndez S\u00e1ez.<\/p>\n<p><p>no images were found<\/p>\n<\/p>","protected":false},"excerpt":{"rendered":"<p>La vicerrectora de Cultura y Extensi\u00f3n Universitaria de la Universidad Miguel Hern\u00e1ndez (UMH) de Elche, Esther Sitges Maci\u00e1, ha firmado un convenio de colaboraci\u00f3n con el Ayuntamiento de Dolores para impartir Cursos de Invierno en esta localidad. En concreto, la UMH ofertar\u00e1 en Dolores el Curso \u201cBlogs wordpress\u201d, que se desarrollar\u00e1 en el centro cultural [&#8230;]<\/p>\n","protected":false},"author":3050,"featured_media":0,"comment_status":"closed","ping_status":"closed","sticky":false,"template":"","format":"standard","meta":{"ngg_post_thumbnail":0,"_links_to":"","_links_to_target":""},"categories":[4047,565,711,6,689,65,631,568,636,700],"tags":[],"_links":{"self":[{"href":"https:\/\/cultura.umh.es\/en\/wp-json\/wp\/v2\/posts\/2667"}],"collection":[{"href":"https:\/\/cultura.umh.es\/en\/wp-json\/wp\/v2\/posts"}],"about":[{"href":"https:\/\/cultura.umh.es\/en\/wp-json\/wp\/v2\/types\/post"}],"author":[{"embeddable":true,"href":"https:\/\/cultura.umh.es\/en\/wp-json\/wp\/v2\/users\/3050"}],"replies":[{"embeddable":true,"href":"https:\/\/cultura.umh.es\/en\/wp-json\/wp\/v2\/comments?post=2667"}],"version-history":[{"count":0,"href":"https:\/\/cultura.umh.es\/en\/wp-json\/wp\/v2\/posts\/2667\/revisions"}],"wp:attachment":[{"href":"https:\/\/cultura.umh.es\/en\/wp-json\/wp\/v2\/media?parent=2667"}],"wp:term":[{"taxonomy":"category","embeddable":true,"href":"https:\/\/cultura.umh.es\/en\/wp-json\/wp\/v2\/categories?post=2667"},{"taxonomy":"post_tag","embeddable":true,"href":"https:\/\/cultura.umh.es\/en\/wp-json\/wp\/v2\/tags?post=2667"}],"curies":[{"name":"wp","href":"https:\/\/api.w.org\/{rel}","templated":true}]}}