{"id":249,"date":"2010-04-14T12:43:09","date_gmt":"2010-04-14T10:43:09","guid":{"rendered":"http:\/\/cultura.zeus.umh.es\/?p=249"},"modified":"2025-06-20T13:52:25","modified_gmt":"2025-06-20T11:52:25","slug":"exposicio-20-anos-de-misteri-delx-a-traves-de-sus-carteles-1989-2009","status":"publish","type":"post","link":"https:\/\/cultura.umh.es\/en\/2010\/04\/14\/exposicio-20-anos-de-misteri-delx-a-traves-de-sus-carteles-1989-2009\/","title":{"rendered":"Exposici\u00f3 &#8220;20 a\u00f1os de Misteri d&#8217;Elx a trav\u00e9s de sus carteles (1989-2009)&#8221;"},"content":{"rendered":"<p><strong>Espai Cultural Obert (ECO), Hall Est de l\u2019Edifici Altabix<\/strong><\/p>\n<p><strong>Inauguraci\u00f3<\/strong>: 15 d&#8217;abril a les 13:00 hores<\/p>\n<p><strong>Exposici\u00f3<\/strong>: del 15 d&#8217;abril al 2 de maig de 2010.<\/p>\n<p><a href=\"https:\/\/cultura.umh.es\/files\/2010\/04\/2010-abr-cartelesmisteri1.jpg\"><img loading=\"lazy\" class=\"alignnone size-medium wp-image-251\" src=\"https:\/\/cultura.umh.es\/files\/2010\/04\/2010-abr-cartelesmisteri1-300x145.jpg\" alt=\"\" width=\"240\" height=\"116\" srcset=\"https:\/\/cultura.umh.es\/files\/2010\/04\/2010-abr-cartelesmisteri1-300x145.jpg 300w, https:\/\/cultura.umh.es\/files\/2010\/04\/2010-abr-cartelesmisteri1-1024x497.jpg 1024w, https:\/\/cultura.umh.es\/files\/2010\/04\/2010-abr-cartelesmisteri1.jpg 1264w\" sizes=\"(max-width: 240px) 100vw, 240px\" \/><\/a><\/p>\n<p><a href=\"https:\/\/cultura.umh.es\/files\/2010\/04\/2010-abr-cartelesmisteri2.jpg\"><img loading=\"lazy\" class=\"alignnone size-medium wp-image-252\" src=\"https:\/\/cultura.umh.es\/files\/2010\/04\/2010-abr-cartelesmisteri2-300x145.jpg\" alt=\"\" width=\"240\" height=\"116\" srcset=\"https:\/\/cultura.umh.es\/files\/2010\/04\/2010-abr-cartelesmisteri2-300x145.jpg 300w, https:\/\/cultura.umh.es\/files\/2010\/04\/2010-abr-cartelesmisteri2-1024x497.jpg 1024w, https:\/\/cultura.umh.es\/files\/2010\/04\/2010-abr-cartelesmisteri2.jpg 1264w\" sizes=\"(max-width: 240px) 100vw, 240px\" \/><\/a><\/p>\n<p><!--more--><\/p>\n<p><\/p>","protected":false},"excerpt":{"rendered":"<p>Espai Cultural Obert (ECO), Hall Est de l\u2019Edifici Altabix<br \/>\nInauguraci\u00f3: 15 d&#8217;abril a les 13:00 hores<br \/>\nExposici\u00f3: del 15 d&#8217;abril al 2 de maig de 2010.<\/p>\n","protected":false},"author":1,"featured_media":0,"comment_status":"closed","ping_status":"closed","sticky":false,"template":"","format":"standard","meta":{"ngg_post_thumbnail":0,"_links_to":"","_links_to_target":""},"categories":[55516],"tags":[70398],"_links":{"self":[{"href":"https:\/\/cultura.umh.es\/en\/wp-json\/wp\/v2\/posts\/249"}],"collection":[{"href":"https:\/\/cultura.umh.es\/en\/wp-json\/wp\/v2\/posts"}],"about":[{"href":"https:\/\/cultura.umh.es\/en\/wp-json\/wp\/v2\/types\/post"}],"author":[{"embeddable":true,"href":"https:\/\/cultura.umh.es\/en\/wp-json\/wp\/v2\/users\/1"}],"replies":[{"embeddable":true,"href":"https:\/\/cultura.umh.es\/en\/wp-json\/wp\/v2\/comments?post=249"}],"version-history":[{"count":0,"href":"https:\/\/cultura.umh.es\/en\/wp-json\/wp\/v2\/posts\/249\/revisions"}],"wp:attachment":[{"href":"https:\/\/cultura.umh.es\/en\/wp-json\/wp\/v2\/media?parent=249"}],"wp:term":[{"taxonomy":"category","embeddable":true,"href":"https:\/\/cultura.umh.es\/en\/wp-json\/wp\/v2\/categories?post=249"},{"taxonomy":"post_tag","embeddable":true,"href":"https:\/\/cultura.umh.es\/en\/wp-json\/wp\/v2\/tags?post=249"}],"curies":[{"name":"wp","href":"https:\/\/api.w.org\/{rel}","templated":true}]}}