{"id":228,"date":"2010-01-01T12:00:01","date_gmt":"2010-01-01T11:00:01","guid":{"rendered":"http:\/\/cultura.zeus.umh.es\/?p=228"},"modified":"2025-06-11T14:01:43","modified_gmt":"2025-06-11T12:01:43","slug":"certamen-valencia-crea-2010","status":"publish","type":"post","link":"https:\/\/cultura.umh.es\/en\/2010\/01\/01\/certamen-valencia-crea-2010\/","title":{"rendered":"XI Cert\u00e0men de Creaci\u00f3 Jove &#8220;Valencia Crea 2010&#8243;"},"content":{"rendered":"<p>Dise\u00f1o interactivo\/en la red,\u00a0Arquitectura,\u00a0Videoarte,\u00a0Dise\u00f1o gr\u00e1fico,\u00a0Fotograf\u00eda,\u00a0M\u00fasica,\u00a0Comunicaci\u00f3n corporativa,\u00a0Dise\u00f1o gastron\u00f3mico,\u00a0Dise\u00f1o de interiores,\u00a0Moda para adultos,\u00a0Moda infantil,\u00a0C\u00f3mic,\u00a0Dise\u00f1o de producto,\u00a0Corto<\/p>\n<p><a href=\"https:\/\/cultura.umh.es\/files\/2010\/01\/2010-MAR-valenciacrea2010.pdf\" target=\"_blank\" rel=\"noopener\">Bases<\/a><\/p>\n<p><a href=\"https:\/\/cultura.umh.es\/files\/2010\/03\/2010-mar-valenciacrea2010.jpg\"><img loading=\"lazy\" class=\"alignnone size-medium wp-image-229\" src=\"https:\/\/cultura.umh.es\/files\/2010\/03\/2010-mar-valenciacrea2010-212x300.jpg\" alt=\"\" width=\"170\" height=\"240\" srcset=\"https:\/\/cultura.umh.es\/files\/2010\/03\/2010-mar-valenciacrea2010-212x300.jpg 212w, https:\/\/cultura.umh.es\/files\/2010\/03\/2010-mar-valenciacrea2010-725x1024.jpg 725w, https:\/\/cultura.umh.es\/files\/2010\/03\/2010-mar-valenciacrea2010.jpg 828w\" sizes=\"(max-width: 170px) 100vw, 170px\" \/><\/a><\/p>","protected":false},"excerpt":{"rendered":"<p>Dise\u00f1o interactivo\/en la red,\u00a0Arquitectura,\u00a0Videoarte,\u00a0Dise\u00f1o gr\u00e1fico,\u00a0Fotograf\u00eda,\u00a0M\u00fasica,\u00a0Comunicaci\u00f3n corporativa,\u00a0Dise\u00f1o gastron\u00f3mico,\u00a0Dise\u00f1o de interiores,\u00a0Moda para adultos,\u00a0Moda infantil,\u00a0C\u00f3mic,\u00a0Dise\u00f1o de producto,\u00a0Corto<br \/>\nBases<\/p>\n","protected":false},"author":1,"featured_media":0,"comment_status":"closed","ping_status":"closed","sticky":false,"template":"","format":"standard","meta":{"ngg_post_thumbnail":0,"_links_to":"","_links_to_target":""},"categories":[707],"tags":[364243],"_links":{"self":[{"href":"https:\/\/cultura.umh.es\/en\/wp-json\/wp\/v2\/posts\/228"}],"collection":[{"href":"https:\/\/cultura.umh.es\/en\/wp-json\/wp\/v2\/posts"}],"about":[{"href":"https:\/\/cultura.umh.es\/en\/wp-json\/wp\/v2\/types\/post"}],"author":[{"embeddable":true,"href":"https:\/\/cultura.umh.es\/en\/wp-json\/wp\/v2\/users\/1"}],"replies":[{"embeddable":true,"href":"https:\/\/cultura.umh.es\/en\/wp-json\/wp\/v2\/comments?post=228"}],"version-history":[{"count":0,"href":"https:\/\/cultura.umh.es\/en\/wp-json\/wp\/v2\/posts\/228\/revisions"}],"wp:attachment":[{"href":"https:\/\/cultura.umh.es\/en\/wp-json\/wp\/v2\/media?parent=228"}],"wp:term":[{"taxonomy":"category","embeddable":true,"href":"https:\/\/cultura.umh.es\/en\/wp-json\/wp\/v2\/categories?post=228"},{"taxonomy":"post_tag","embeddable":true,"href":"https:\/\/cultura.umh.es\/en\/wp-json\/wp\/v2\/tags?post=228"}],"curies":[{"name":"wp","href":"https:\/\/api.w.org\/{rel}","templated":true}]}}