{"id":191,"date":"2010-02-18T09:00:43","date_gmt":"2010-02-18T08:00:43","guid":{"rendered":"http:\/\/cultura.zeus.umh.es\/?p=191"},"modified":"2025-06-20T13:27:49","modified_gmt":"2025-06-20T11:27:49","slug":"circuit-dart-miguel-hernandez-poeta-la-poesia-en-accion","status":"publish","type":"post","link":"https:\/\/cultura.umh.es\/en\/2010\/02\/18\/circuit-dart-miguel-hernandez-poeta-la-poesia-en-accion\/","title":{"rendered":"Exposici\u00f3n Circuit d&#8217;Art &#8220;Miguel Hern\u00e1ndez poeta, la poesia en acci\u00f3n&#8221;"},"content":{"rendered":"<p><a href=\"https:\/\/cultura.umh.es\/files\/2010\/05\/mhlapoesiaenaccion_neutro.jpg\"><img loading=\"lazy\" class=\"alignnone size-medium wp-image-289\" src=\"https:\/\/cultura.umh.es\/files\/2010\/05\/mhlapoesiaenaccion_neutro-213x300.jpg\" alt=\"\" width=\"170\" height=\"240\" srcset=\"https:\/\/cultura.umh.es\/files\/2010\/05\/mhlapoesiaenaccion_neutro-213x300.jpg 213w, https:\/\/cultura.umh.es\/files\/2010\/05\/mhlapoesiaenaccion_neutro.jpg 593w\" sizes=\"(max-width: 170px) 100vw, 170px\" \/><\/a><\/p>\n<p><strong>Exposici\u00f3n<\/strong>: Del 4 al 21 de mar\u00e7 de 2010<\/p>\n<p><strong>Lugar<\/strong>: Sala d&#8217;exposicions del Centre Cultural, Petrer. c\/ San  Bartolom\u00e9, 5 (en el centre del poble davant Caixa Petrer)<\/p>\n<p><!--more--><\/p>\n<p><\/p>","protected":false},"excerpt":{"rendered":"<p>Exposici\u00f3n: Del 4 al 21 de mar\u00e7 de 2010<br \/>\nLugar: Sala d&#8217;exposicions del Centre Cultural, Petrer. c\/ San  Bartolom\u00e9, 5 (en el centre del poble davant Caixa Petrer)<\/p>\n","protected":false},"author":1,"featured_media":0,"comment_status":"closed","ping_status":"closed","sticky":false,"template":"","format":"standard","meta":{"ngg_post_thumbnail":0,"_links_to":"","_links_to_target":""},"categories":[1232],"tags":[],"_links":{"self":[{"href":"https:\/\/cultura.umh.es\/en\/wp-json\/wp\/v2\/posts\/191"}],"collection":[{"href":"https:\/\/cultura.umh.es\/en\/wp-json\/wp\/v2\/posts"}],"about":[{"href":"https:\/\/cultura.umh.es\/en\/wp-json\/wp\/v2\/types\/post"}],"author":[{"embeddable":true,"href":"https:\/\/cultura.umh.es\/en\/wp-json\/wp\/v2\/users\/1"}],"replies":[{"embeddable":true,"href":"https:\/\/cultura.umh.es\/en\/wp-json\/wp\/v2\/comments?post=191"}],"version-history":[{"count":0,"href":"https:\/\/cultura.umh.es\/en\/wp-json\/wp\/v2\/posts\/191\/revisions"}],"wp:attachment":[{"href":"https:\/\/cultura.umh.es\/en\/wp-json\/wp\/v2\/media?parent=191"}],"wp:term":[{"taxonomy":"category","embeddable":true,"href":"https:\/\/cultura.umh.es\/en\/wp-json\/wp\/v2\/categories?post=191"},{"taxonomy":"post_tag","embeddable":true,"href":"https:\/\/cultura.umh.es\/en\/wp-json\/wp\/v2\/tags?post=191"}],"curies":[{"name":"wp","href":"https:\/\/api.w.org\/{rel}","templated":true}]}}