{"id":1505,"date":"2013-04-24T09:52:31","date_gmt":"2013-04-24T07:52:31","guid":{"rendered":"http:\/\/cultura.umh.es\/2013\/04\/24\/inicio-curso-fotografia-de-la-naturaleza-y-fauna-parque-natural-valle-del-avaiol-sierra-de-petrer\/"},"modified":"2023-09-12T11:27:41","modified_gmt":"2023-09-12T09:27:41","slug":"inicio-curso-fotografia-de-la-naturaleza-y-fauna-parque-natural-valle-del-avaiol-sierra-de-petrer","status":"publish","type":"post","link":"https:\/\/cultura.umh.es\/en\/2013\/04\/24\/inicio-curso-fotografia-de-la-naturaleza-y-fauna-parque-natural-valle-del-avaiol-sierra-de-petrer\/","title":{"rendered":"Curso Fotograf\u00eda de la naturaleza y fauna. Parque Natural Valle del Avaiol (Sierra de Petrer)."},"content":{"rendered":"<p>El pr\u00f3ximo domingo 28 de abril comienza el curso &#8220;Fotograf\u00eda de la naturaleza y fauna. Parque Natural Valle del Avaiol&#8221;, que se desarrollar\u00e1 en el t\u00e9rmino municipal de Petrer, de 7:30 a 21:30 h, para finalizar el d\u00eda 29 de ese mes de 18 a 21 h., en aulas del Campus de Elche.<\/p>\n<p>Los alumnos ser\u00e1n capaces al concluir el curso de manejar la c\u00e1mara fotogr\u00e1fica en situaciones de alta velocidad, adapt\u00e1ndolas a la luminosidad ambiente. Adem\u00e1s conocer\u00e1n la vegetaci\u00f3n de la zona, la espec\u00edfica y la com\u00fan a toda la provincia. Sabr\u00e1n realizar fotograf\u00edas tanto de aves, roedores (ardillas) como de mam\u00edferos de gran tama\u00f1o (Arrius) con nitidez suficiente trabajando los diferentes planos y panor\u00e1micas, etc.<\/p>\n<p>M\u00e1s informaci\u00f3n pinchando <a href=\"http:\/\/www.umh.es\/fpo\/infoCursoFPO.asp?caca=2012&amp;id_edicion=5002#9\">AQU\u00cd<\/a><\/p>","protected":false},"excerpt":{"rendered":"<p>El pr\u00f3ximo domingo 28 de abril comienza el curso &#8220;Fotograf\u00eda de la naturaleza y fauna. Parque Natural Valle del Avaiol&#8221;, que se desarrollar\u00e1 en el t\u00e9rmino municipal de Petrer, de 7:30 a 21:30 h, para finalizar el d\u00eda 29 de ese mes de 18 a 21 h., en aulas del Campus de Elche.<br \/>\nLos alumnos ser\u00e1n [&#8230;]<\/p>\n","protected":false},"author":2722,"featured_media":0,"comment_status":"closed","ping_status":"closed","sticky":false,"template":"","format":"standard","meta":{"ngg_post_thumbnail":0,"_links_to":"","_links_to_target":""},"categories":[6],"tags":[],"_links":{"self":[{"href":"https:\/\/cultura.umh.es\/en\/wp-json\/wp\/v2\/posts\/1505"}],"collection":[{"href":"https:\/\/cultura.umh.es\/en\/wp-json\/wp\/v2\/posts"}],"about":[{"href":"https:\/\/cultura.umh.es\/en\/wp-json\/wp\/v2\/types\/post"}],"author":[{"embeddable":true,"href":"https:\/\/cultura.umh.es\/en\/wp-json\/wp\/v2\/users\/2722"}],"replies":[{"embeddable":true,"href":"https:\/\/cultura.umh.es\/en\/wp-json\/wp\/v2\/comments?post=1505"}],"version-history":[{"count":0,"href":"https:\/\/cultura.umh.es\/en\/wp-json\/wp\/v2\/posts\/1505\/revisions"}],"wp:attachment":[{"href":"https:\/\/cultura.umh.es\/en\/wp-json\/wp\/v2\/media?parent=1505"}],"wp:term":[{"taxonomy":"category","embeddable":true,"href":"https:\/\/cultura.umh.es\/en\/wp-json\/wp\/v2\/categories?post=1505"},{"taxonomy":"post_tag","embeddable":true,"href":"https:\/\/cultura.umh.es\/en\/wp-json\/wp\/v2\/tags?post=1505"}],"curies":[{"name":"wp","href":"https:\/\/api.w.org\/{rel}","templated":true}]}}