{"id":13849,"date":"2025-01-07T10:08:51","date_gmt":"2025-01-07T09:08:51","guid":{"rendered":"https:\/\/cultura.umh.es\/?p=13849"},"modified":"2025-01-08T13:28:25","modified_gmt":"2025-01-08T12:28:25","slug":"correccio-derrors-a-la-proposta-de-concessio-provisional-de-la-convocatoria-del-xxi-concurs-de-grups-de-musica-de-la-umh-2024","status":"publish","type":"post","link":"https:\/\/cultura.umh.es\/en\/2025\/01\/07\/correccio-derrors-a-la-proposta-de-concessio-provisional-de-la-convocatoria-del-xxi-concurs-de-grups-de-musica-de-la-umh-2024\/","title":{"rendered":"<span lang=\"ca\">(Valenci\u00e0) Correcci\u00f3 d&#8217;errors a la proposta de concessi\u00f3 provisional de la convocat\u00f2ria del XXI Concurs de grups de m\u00fasica de la UMH 2024<\/span>"},"content":{"rendered":"<p class=\"qtranxs-available-languages-message qtranxs-available-languages-message-en\">Sorry, this entry is only available in <a href=\"https:\/\/cultura.umh.es\/ca\/wp-json\/wp\/v2\/posts\/13849\" class=\"qtranxs-available-language-link qtranxs-available-language-link-ca\" title=\"Valenci\u00e0\">Catalan<\/a> and <a href=\"https:\/\/cultura.umh.es\/es\/wp-json\/wp\/v2\/posts\/13849\" class=\"qtranxs-available-language-link qtranxs-available-language-link-es\" title=\"Espa\u00f1ol\">European Spanish<\/a>.<\/p>","protected":false},"excerpt":{"rendered":"<p>Sorry, this entry is only available in Catalan and European Spanish.<\/p>\n","protected":false},"author":30175,"featured_media":0,"comment_status":"closed","ping_status":"closed","sticky":false,"template":"","format":"standard","meta":{"ngg_post_thumbnail":0,"_links_to":"","_links_to_target":""},"categories":[567],"tags":[363953,363950],"_links":{"self":[{"href":"https:\/\/cultura.umh.es\/en\/wp-json\/wp\/v2\/posts\/13849"}],"collection":[{"href":"https:\/\/cultura.umh.es\/en\/wp-json\/wp\/v2\/posts"}],"about":[{"href":"https:\/\/cultura.umh.es\/en\/wp-json\/wp\/v2\/types\/post"}],"author":[{"embeddable":true,"href":"https:\/\/cultura.umh.es\/en\/wp-json\/wp\/v2\/users\/30175"}],"replies":[{"embeddable":true,"href":"https:\/\/cultura.umh.es\/en\/wp-json\/wp\/v2\/comments?post=13849"}],"version-history":[{"count":0,"href":"https:\/\/cultura.umh.es\/en\/wp-json\/wp\/v2\/posts\/13849\/revisions"}],"wp:attachment":[{"href":"https:\/\/cultura.umh.es\/en\/wp-json\/wp\/v2\/media?parent=13849"}],"wp:term":[{"taxonomy":"category","embeddable":true,"href":"https:\/\/cultura.umh.es\/en\/wp-json\/wp\/v2\/categories?post=13849"},{"taxonomy":"post_tag","embeddable":true,"href":"https:\/\/cultura.umh.es\/en\/wp-json\/wp\/v2\/tags?post=13849"}],"curies":[{"name":"wp","href":"https:\/\/api.w.org\/{rel}","templated":true}]}}