{"id":1338,"date":"2013-02-22T09:55:41","date_gmt":"2013-02-22T08:55:41","guid":{"rendered":"http:\/\/cultura.umh.es\/2013\/02\/22\/concurs-d%e2%80%99arts-plastiques-%e2%80%9cbernia-2013%e2%80%b3\/"},"modified":"2023-09-12T11:35:25","modified_gmt":"2023-09-12T09:35:25","slug":"concurs-darts-plastiques-bernia-2013%e2%80%b3","status":"publish","type":"post","link":"https:\/\/cultura.umh.es\/en\/2013\/02\/22\/concurs-darts-plastiques-bernia-2013%e2%80%b3\/","title":{"rendered":"Concurso de Artes Pl\u00e1sticas \u201cB\u00e8rnia 2013\u2033"},"content":{"rendered":"<p>Con el nombre de B\u00e8rnia 2013 la Universidad Miguel Hern\u00e1ndez de Elche, desde el Vicerrectorado de Cultura y Extensi\u00f3n Universitaria, convoca un concurso de artes pl\u00e1sticas dirigido a los estudiantes de la Facultad de Bellas Artes de Altea con la voluntad de fomentar la creatividad.<\/p>\n<p><a href=\"https:\/\/cultura.umh.es\/files\/2013\/02\/2013-02-Bernia2013_Bases.pdf\" target=\"_blank\" rel=\"noopener\">Bases del concurso<\/a><\/p>\n<p style=\"text-align: justify\">La Universidad Miguel Hern\u00e1ndez (UMH) de Elche, a trav\u00e9s del Vicerrectorado de Cultura y Extensi\u00f3n Universitaria y la Facultad de Bellas Artes de Altea, ha hecho p\u00fablico el fallo del jurado del concurso de artes pl\u00e1sticas para estudiantes \u2018B\u00e8rnia 2013\u2019. La UMH ha comprado las obras seleccionadas con el fin de incrementar su patrimonio pl\u00e1stico.<\/p>\n<p>Los trabajos seleccionados para la compra y exposici\u00f3n son:<\/p>\n<p style=\"padding-left: 30px\">\u201cEntre Corazas\u201d de Celia Puerto Espin\u00f3s<\/p>\n<p style=\"padding-left: 30px\">\u201cHomenaje\u201d de Jos\u00e9 Miguel Vegas Hern\u00e1ndez<\/p>\n<p style=\"padding-left: 30px\">\u201cGeometr\u00eda\u201d de Ana Amor Garc\u00eda<\/p>\n<p style=\"padding-left: 30px\">\u201cAmelitzada\u201d de Samira Senabre Todol\u00ed<\/p>\n<p style=\"padding-left: 30px\">\u201cLacrimosa\u201d de Francesc Marzal Cabrera<\/p>\n<p style=\"padding-left: 30px\">\u201cArritmias regulares 2\u201d de Miguel Mu\u00f1oz Partearroyo<\/p>\n<p style=\"padding-left: 30px\">\u201cHermanas\u201d de Jos\u00e9 \u00c1lvarez P\u00e9rez<\/p>\n<p style=\"text-align: justify\">Adem\u00e1s, los proyectos art\u00edsticos galardonados y otras 17 obras seleccionadas se expondr\u00e1n en la Sala de Exposiciones del edificio Rectorado y Consejo Social del campus de Elche.<\/p>\n<p><\/p>","protected":false},"excerpt":{"rendered":"<p>Con el nombre de B\u00e8rnia 2013 la Universidad Miguel Hern\u00e1ndez de Elche, desde el Vicerrectorado de Cultura y Extensi\u00f3n Universitaria, convoca un concurso de artes pl\u00e1sticas dirigido a los estudiantes de la Facultad de Bellas Artes de Altea con la voluntad de fomentar la creatividad.<br \/>\nBases del concurso<br \/>\nLa Universidad Miguel Hern\u00e1ndez (UMH) de Elche, a trav\u00e9s [&#8230;]<\/p>\n","protected":false},"author":2721,"featured_media":0,"comment_status":"closed","ping_status":"closed","sticky":false,"template":"","format":"standard","meta":{"ngg_post_thumbnail":0,"_links_to":"","_links_to_target":""},"categories":[567],"tags":[364173],"_links":{"self":[{"href":"https:\/\/cultura.umh.es\/en\/wp-json\/wp\/v2\/posts\/1338"}],"collection":[{"href":"https:\/\/cultura.umh.es\/en\/wp-json\/wp\/v2\/posts"}],"about":[{"href":"https:\/\/cultura.umh.es\/en\/wp-json\/wp\/v2\/types\/post"}],"author":[{"embeddable":true,"href":"https:\/\/cultura.umh.es\/en\/wp-json\/wp\/v2\/users\/2721"}],"replies":[{"embeddable":true,"href":"https:\/\/cultura.umh.es\/en\/wp-json\/wp\/v2\/comments?post=1338"}],"version-history":[{"count":0,"href":"https:\/\/cultura.umh.es\/en\/wp-json\/wp\/v2\/posts\/1338\/revisions"}],"wp:attachment":[{"href":"https:\/\/cultura.umh.es\/en\/wp-json\/wp\/v2\/media?parent=1338"}],"wp:term":[{"taxonomy":"category","embeddable":true,"href":"https:\/\/cultura.umh.es\/en\/wp-json\/wp\/v2\/categories?post=1338"},{"taxonomy":"post_tag","embeddable":true,"href":"https:\/\/cultura.umh.es\/en\/wp-json\/wp\/v2\/tags?post=1338"}],"curies":[{"name":"wp","href":"https:\/\/api.w.org\/{rel}","templated":true}]}}