{"id":1279,"date":"2013-01-24T12:54:14","date_gmt":"2013-01-24T11:54:14","guid":{"rendered":"http:\/\/cultura.umh.es\/2013\/01\/24\/estudiantes-de-la-umh-inauguran-una-muestra-de-esculturas-al-aire-libre-en-la-vila-joiosa\/"},"modified":"2023-09-12T11:41:43","modified_gmt":"2023-09-12T09:41:43","slug":"estudiantes-de-la-umh-inauguran-una-muestra-de-esculturas-al-aire-libre-en-la-vila-joiosa","status":"publish","type":"post","link":"https:\/\/cultura.umh.es\/en\/2013\/01\/24\/estudiantes-de-la-umh-inauguran-una-muestra-de-esculturas-al-aire-libre-en-la-vila-joiosa\/","title":{"rendered":"Estudiantes de la UMH inauguran una muestra de esculturas al aire libre en la Vila Joiosa"},"content":{"rendered":"<p><\/p>\n<p style=\"text-align: justify\">\u201cTRANSITOS\u201d es el nombre de la exposici\u00f3n de esculturas al aire libre que los estudiantes de 3\u00ba de Grado en Bellas de la Universidad Miguel Hern\u00e1ndez (UMH) inaugurar\u00e1n ma\u00f1ana viernes, 25 de enero, a las 13:00 horas, en los jardines D\u00f1a. Concha y la Carrasca de la Finca La Barbera Dels Aragones en la Vila Joiosa.<\/p>\n<p style=\"text-align: justify\"><a href=\"https:\/\/comunicacion.umh.es\/files\/2013\/01\/24-01-13-Cartel-Exposicion-Transitos-2.jpg\"><img loading=\"lazy\" class=\"alignleft\" title=\"24-01-13-Cartel Exposicion Transitos 2\" src=\"https:\/\/comunicacion.umh.es\/files\/2013\/01\/24-01-13-Cartel-Exposicion-Transitos-2-192x300.jpg\" alt=\"\" width=\"192\" height=\"300\" \/><\/a><\/p>\n<p style=\"text-align: justify\">A la inauguraci\u00f3n est\u00e1 previsto que asistan la vicerrectora de Cultura y Extensi\u00f3n Universitaria de la UMH, Esther Sitges Maci\u00e1, y el concejal de Cultura del Ayuntamiento de la Vila Joiosa, Jos\u00e9 Lloret Mart\u00ednez.<\/p>\n<p style=\"text-align: justify\">El profesor de la UMH Jos\u00e9 Manuel \u00c1lvarez Enjuto del \u00e1rea de Est\u00e9tica del Departamento de Arte es el comisario de la muestra en la que se exponen 35 esculturas, realizadas por estudiantes de la UMH. Durante la inauguraci\u00f3n, adem\u00e1s, actuar\u00e1 el grupo \u201cla Rue Band\u201d.<\/p>\n<p style=\"text-align: justify\">La exposici\u00f3n se podr\u00e1 visitar hasta el 12 de abril en horario de lunes a viernes de 12:00 a 14:00 horas y de 16:00 a 18:00 horas.<\/p>\n<p><\/p>","protected":false},"excerpt":{"rendered":"<p>\u201cTRANSITOS\u201d es el nombre de la exposici\u00f3n de esculturas al aire libre que los estudiantes de 3\u00ba de Grado en Bellas de la Universidad Miguel Hern\u00e1ndez (UMH) inaugurar\u00e1n ma\u00f1ana viernes, 25 de enero, a las 13:00 horas, en los jardines D\u00f1a. Concha y la Carrasca de la Finca La Barbera Dels Aragones en la Vila [&#8230;]<\/p>\n","protected":false},"author":389,"featured_media":0,"comment_status":"closed","ping_status":"closed","sticky":false,"template":"","format":"standard","meta":{"ngg_post_thumbnail":0,"_links_to":"","_links_to_target":""},"categories":[55516],"tags":[794],"_links":{"self":[{"href":"https:\/\/cultura.umh.es\/en\/wp-json\/wp\/v2\/posts\/1279"}],"collection":[{"href":"https:\/\/cultura.umh.es\/en\/wp-json\/wp\/v2\/posts"}],"about":[{"href":"https:\/\/cultura.umh.es\/en\/wp-json\/wp\/v2\/types\/post"}],"author":[{"embeddable":true,"href":"https:\/\/cultura.umh.es\/en\/wp-json\/wp\/v2\/users\/389"}],"replies":[{"embeddable":true,"href":"https:\/\/cultura.umh.es\/en\/wp-json\/wp\/v2\/comments?post=1279"}],"version-history":[{"count":0,"href":"https:\/\/cultura.umh.es\/en\/wp-json\/wp\/v2\/posts\/1279\/revisions"}],"wp:attachment":[{"href":"https:\/\/cultura.umh.es\/en\/wp-json\/wp\/v2\/media?parent=1279"}],"wp:term":[{"taxonomy":"category","embeddable":true,"href":"https:\/\/cultura.umh.es\/en\/wp-json\/wp\/v2\/categories?post=1279"},{"taxonomy":"post_tag","embeddable":true,"href":"https:\/\/cultura.umh.es\/en\/wp-json\/wp\/v2\/tags?post=1279"}],"curies":[{"name":"wp","href":"https:\/\/api.w.org\/{rel}","templated":true}]}}