{"id":1242,"date":"2013-01-18T12:19:46","date_gmt":"2013-01-18T11:19:46","guid":{"rendered":"http:\/\/cultura.umh.es\/2013\/01\/18\/la-umh-inaugura-la-exposicion-%e2%80%9cal-pie-de-la-letra%e2%80%9d-en-crevillent\/"},"modified":"2023-09-12T11:43:15","modified_gmt":"2023-09-12T09:43:15","slug":"la-umh-inaugura-la-exposicion-al-pie-de-la-letra-en-crevillent","status":"publish","type":"post","link":"https:\/\/cultura.umh.es\/en\/2013\/01\/18\/la-umh-inaugura-la-exposicion-al-pie-de-la-letra-en-crevillent\/","title":{"rendered":"La UMH inaugura la exposici\u00f3n \u201cAl pie de la letra\u201d en Crevillent"},"content":{"rendered":"<p><a href=\"https:\/\/comunicacion.umh.es\/files\/2013\/01\/16-01-13-exposici\u00f3n-crevillent-blog.jpg\"><img loading=\"lazy\" class=\"alignleft\" title=\"16-01-13 exposici\u00f3n crevillent blog\" src=\"https:\/\/comunicacion.umh.es\/files\/2013\/01\/16-01-13-exposici\u00f3n-crevillent-blog-300x225.jpg\" alt=\"\" width=\"300\" height=\"225\" \/><\/a><\/p>\n<p style=\"text-align: justify\">El Vicerrectorado de Cultura y Extensi\u00f3n Universitaria de la Universidad Miguel Hern\u00e1ndez (UMH) de Elche, en colaboraci\u00f3n con el Ayuntamiento de Crevillent, inaugurar\u00e1 la exposici\u00f3n \u201cAl pie de la letra\u201d. El acto tendr\u00e1 lugar esta tarde a las 20:30 horas, en la Casa Municipal de Cultura \u201cJos\u00e9 Candela Lled\u00f3\u201d de Crevillent. Esta muestra, que se puede visitar hasta el 10 de febrero, est\u00e1 dentro del programa de exposiciones itinerantes \u201cCircuit d\u2019Art\u201d de la UMH. El vicerrector adjunto de Cultura de la UMH y comisario de la exposici\u00f3n, Josep Perez i Tom\u00e0s, ser\u00e1 el encargado de inaugurarla.<\/p>\n<p style=\"text-align: justify\">La exposici\u00f3n est\u00e1 formada por el trabajo de 23 estudiantes de la asignatura de \u201cPintura Urbana\u201d de la Facultad de Bellas Artes de la UMH y consta de 46 obras. La muestra es una reflexi\u00f3n pl\u00e1stico-digital sobre el poeta alem\u00e1n Bertolt Brecht. Cada alumno ha reinterpretado la \u201cLoa de la duda\u201d del poeta y una elecci\u00f3n libre sobre el poemario \u201cPoemas y Canciones\u201d.<\/p>\n<p style=\"text-align: justify\">La muestra es una transferencia desde el \u00e1mbito po\u00e9tico al pict\u00f3rico, con tratamiento digital y teniendo como base el papel prensa.<\/p>\n<p style=\"text-align: justify\"><p>no images were found<\/p>\n<\/p>\n<p><\/p>","protected":false},"excerpt":{"rendered":"<p>El Vicerrectorado de Cultura y Extensi\u00f3n Universitaria de la Universidad Miguel Hern\u00e1ndez (UMH) de Elche, en colaboraci\u00f3n con el Ayuntamiento de Crevillent, inaugurar\u00e1 la exposici\u00f3n \u201cAl pie de la letra\u201d. El acto tendr\u00e1 lugar esta tarde a las 20:30 horas, en la Casa Municipal de Cultura \u201cJos\u00e9 Candela Lled\u00f3\u201d de Crevillent. Esta muestra, que se [&#8230;]<\/p>\n","protected":false},"author":389,"featured_media":0,"comment_status":"closed","ping_status":"closed","sticky":false,"template":"","format":"standard","meta":{"ngg_post_thumbnail":0,"_links_to":"","_links_to_target":""},"categories":[55516],"tags":[364179],"_links":{"self":[{"href":"https:\/\/cultura.umh.es\/en\/wp-json\/wp\/v2\/posts\/1242"}],"collection":[{"href":"https:\/\/cultura.umh.es\/en\/wp-json\/wp\/v2\/posts"}],"about":[{"href":"https:\/\/cultura.umh.es\/en\/wp-json\/wp\/v2\/types\/post"}],"author":[{"embeddable":true,"href":"https:\/\/cultura.umh.es\/en\/wp-json\/wp\/v2\/users\/389"}],"replies":[{"embeddable":true,"href":"https:\/\/cultura.umh.es\/en\/wp-json\/wp\/v2\/comments?post=1242"}],"version-history":[{"count":0,"href":"https:\/\/cultura.umh.es\/en\/wp-json\/wp\/v2\/posts\/1242\/revisions"}],"wp:attachment":[{"href":"https:\/\/cultura.umh.es\/en\/wp-json\/wp\/v2\/media?parent=1242"}],"wp:term":[{"taxonomy":"category","embeddable":true,"href":"https:\/\/cultura.umh.es\/en\/wp-json\/wp\/v2\/categories?post=1242"},{"taxonomy":"post_tag","embeddable":true,"href":"https:\/\/cultura.umh.es\/en\/wp-json\/wp\/v2\/tags?post=1242"}],"curies":[{"name":"wp","href":"https:\/\/api.w.org\/{rel}","templated":true}]}}