{"id":1205,"date":"2012-05-30T11:32:27","date_gmt":"2012-05-30T09:32:27","guid":{"rendered":"http:\/\/cultura.umh.es\/2012\/05\/30\/la-umh-inaugura-la-muestra-de-pintura-%e2%80%9cal-pie-de-la-letra%e2%80%9d-y-representa-la-obra-%e2%80%9cminim-mal-show%e2%80%9d\/"},"modified":"2023-09-12T12:37:21","modified_gmt":"2023-09-12T10:37:21","slug":"la-umh-inaugura-la-muestra-de-pintura-al-pie-de-la-letra-y-representa-la-obra-minim-mal-show","status":"publish","type":"post","link":"https:\/\/cultura.umh.es\/en\/2012\/05\/30\/la-umh-inaugura-la-muestra-de-pintura-al-pie-de-la-letra-y-representa-la-obra-minim-mal-show\/","title":{"rendered":"El grup de teatre &#8220;urbateatre&#8221; de la UMH representa la obra \u201cMinim-mal Show\u201d en Alfaz del Pi"},"content":{"rendered":"<p><\/p>\n<p style=\"text-align: justify\">El grupo de teatro \u201cUrbateatre\u201d de la Universidad Miguel Hern\u00e1ndez (UMH) de Elche representar\u00e1 ma\u00f1ana jueves, 31 de mayo, a las 19:30 horas, la obra \u201cMinim.mal Show\u201d. Actividad organizada y coordinada por el Vicerrectorado de Cultura y Extensi\u00f3n Universitaria de la UMH, tendr\u00e1n lugar en el F\u00f3rum Mare Nostrum de L\u2019Alfas del Pi. La entrada es libre, limitada al aforo de la sala.<\/p>\n<p style=\"text-align: justify\">El grupo de teatro \u201cUrbateatre\u201d, integrado por estudiantes del campus de Altea de la UMH, est\u00e1 dirigido por Antoni Ferri Solbes. Seg\u00fan la organizaci\u00f3n, la obra \u201cMinim.mal Show\u201d introduce una nueva v\u00eda dentro del teatro porque no se trata de una obra de texto ni de teatro f\u00edsico.<\/p>\n<p><p>no images were found<\/p>\n<\/p>","protected":false},"excerpt":{"rendered":"<p>El grupo de teatro \u201cUrbateatre\u201d de la Universidad Miguel Hern\u00e1ndez (UMH) de Elche representar\u00e1 ma\u00f1ana jueves, 31 de mayo, a las 19:30 horas, la obra \u201cMinim.mal Show\u201d. Actividad organizada y coordinada por el Vicerrectorado de Cultura y Extensi\u00f3n Universitaria de la UMH, tendr\u00e1n lugar en el F\u00f3rum Mare Nostrum de L\u2019Alfas del Pi. La entrada [&#8230;]<\/p>\n","protected":false},"author":389,"featured_media":0,"comment_status":"closed","ping_status":"closed","sticky":false,"template":"","format":"standard","meta":{"ngg_post_thumbnail":0,"_links_to":"","_links_to_target":""},"categories":[701],"tags":[44427],"_links":{"self":[{"href":"https:\/\/cultura.umh.es\/en\/wp-json\/wp\/v2\/posts\/1205"}],"collection":[{"href":"https:\/\/cultura.umh.es\/en\/wp-json\/wp\/v2\/posts"}],"about":[{"href":"https:\/\/cultura.umh.es\/en\/wp-json\/wp\/v2\/types\/post"}],"author":[{"embeddable":true,"href":"https:\/\/cultura.umh.es\/en\/wp-json\/wp\/v2\/users\/389"}],"replies":[{"embeddable":true,"href":"https:\/\/cultura.umh.es\/en\/wp-json\/wp\/v2\/comments?post=1205"}],"version-history":[{"count":0,"href":"https:\/\/cultura.umh.es\/en\/wp-json\/wp\/v2\/posts\/1205\/revisions"}],"wp:attachment":[{"href":"https:\/\/cultura.umh.es\/en\/wp-json\/wp\/v2\/media?parent=1205"}],"wp:term":[{"taxonomy":"category","embeddable":true,"href":"https:\/\/cultura.umh.es\/en\/wp-json\/wp\/v2\/categories?post=1205"},{"taxonomy":"post_tag","embeddable":true,"href":"https:\/\/cultura.umh.es\/en\/wp-json\/wp\/v2\/tags?post=1205"}],"curies":[{"name":"wp","href":"https:\/\/api.w.org\/{rel}","templated":true}]}}