{"id":1201,"date":"2012-10-24T14:51:06","date_gmt":"2012-10-24T12:51:06","guid":{"rendered":"http:\/\/cultura.umh.es\/2012\/10\/24\/la-umh-y-el-ayuntamiento-de-busot-firman-dos-convenios-para-la-realizacion-conjunta-de-actividades-culturales\/"},"modified":"2025-06-20T13:10:15","modified_gmt":"2025-06-20T11:10:15","slug":"la-umh-y-el-ayuntamiento-de-busot-firman-dos-convenios-para-la-realizacion-conjunta-de-actividades-culturales","status":"publish","type":"post","link":"https:\/\/cultura.umh.es\/en\/2012\/10\/24\/la-umh-y-el-ayuntamiento-de-busot-firman-dos-convenios-para-la-realizacion-conjunta-de-actividades-culturales\/","title":{"rendered":"La UMH y el Ayuntamiento de Busot firman dos convenios para la realizaci\u00f3n conjunta de actividades culturales"},"content":{"rendered":"<p><\/p>\n<p><p style=\"text-align: justify\">La vicerrectora de Cultura y Extensi\u00f3n Universitaria de la Universidad Miguel Hern\u00e1ndez (UMH) de Elche, Esther Sitges Macia, ha firmado esta ma\u00f1ana dos convenios de colaboraci\u00f3n con el Ayuntamiento de Busot para la realizaci\u00f3n conjunta de actividades culturales.<\/p>\n<p style=\"text-align: justify\">Uno de los convenios permitir\u00e1 que las representaciones teatrales que organizan los estudiantes de la UMH se puedan celebrar en salas municipales de Busot. El otro acuerdo tiene como objeto la organizaci\u00f3n y celebraci\u00f3n en esta localidad, de forma conjunta, de exposiciones de los trabajos que realizan los alumnos de la Universidad. El vicerrector adjunto de Cultura de la UMH, Josep P\u00e9rez i Tom\u00e0s, ser\u00e1 el comisario de estas muestras, que se enmarcan dentro del \u201cCircuit d\u2019Art\u201d de la Universidad.<\/p>\n<p>no images were found<\/p>\n\n<p><\/p>","protected":false},"excerpt":{"rendered":"<p>La vicerrectora de Cultura y Extensi\u00f3n Universitaria de la Universidad Miguel Hern\u00e1ndez (UMH) de Elche, Esther Sitges Macia, ha firmado esta ma\u00f1ana dos convenios de colaboraci\u00f3n con el Ayuntamiento de Busot para la realizaci\u00f3n conjunta de actividades culturales.<br \/>\nUno de los convenios permitir\u00e1 que las representaciones teatrales que organizan los estudiantes de la UMH se puedan [&#8230;]<\/p>\n","protected":false},"author":1,"featured_media":0,"comment_status":"closed","ping_status":"closed","sticky":false,"template":"","format":"standard","meta":{"ngg_post_thumbnail":0,"_links_to":"","_links_to_target":""},"categories":[565,1232,631,568,985884],"tags":[],"_links":{"self":[{"href":"https:\/\/cultura.umh.es\/en\/wp-json\/wp\/v2\/posts\/1201"}],"collection":[{"href":"https:\/\/cultura.umh.es\/en\/wp-json\/wp\/v2\/posts"}],"about":[{"href":"https:\/\/cultura.umh.es\/en\/wp-json\/wp\/v2\/types\/post"}],"author":[{"embeddable":true,"href":"https:\/\/cultura.umh.es\/en\/wp-json\/wp\/v2\/users\/1"}],"replies":[{"embeddable":true,"href":"https:\/\/cultura.umh.es\/en\/wp-json\/wp\/v2\/comments?post=1201"}],"version-history":[{"count":0,"href":"https:\/\/cultura.umh.es\/en\/wp-json\/wp\/v2\/posts\/1201\/revisions"}],"wp:attachment":[{"href":"https:\/\/cultura.umh.es\/en\/wp-json\/wp\/v2\/media?parent=1201"}],"wp:term":[{"taxonomy":"category","embeddable":true,"href":"https:\/\/cultura.umh.es\/en\/wp-json\/wp\/v2\/categories?post=1201"},{"taxonomy":"post_tag","embeddable":true,"href":"https:\/\/cultura.umh.es\/en\/wp-json\/wp\/v2\/tags?post=1201"}],"curies":[{"name":"wp","href":"https:\/\/api.w.org\/{rel}","templated":true}]}}