{"id":10031,"date":"2021-01-18T10:29:29","date_gmt":"2021-01-18T09:29:29","guid":{"rendered":"https:\/\/cultura.umh.es\/?p=10031"},"modified":"2026-02-18T14:50:17","modified_gmt":"2026-02-18T13:50:17","slug":"exposicio-carmelina-sanchez-cutillas","status":"publish","type":"post","link":"https:\/\/cultura.umh.es\/en\/2021\/01\/18\/exposicio-carmelina-sanchez-cutillas\/","title":{"rendered":"Exhibition Carmelina S\u00e1nchez-Cutillas"},"content":{"rendered":"<p><a href=\"https:\/\/cultura.umh.es\/files\/2021\/01\/Expo_Carmenelina.jpeg\"><img loading=\"lazy\" class=\"alignnone size-medium wp-image-10032\" src=\"https:\/\/cultura.umh.es\/files\/2021\/01\/Expo_Carmenelina-300x200.jpeg\" alt=\"\" width=\"300\" height=\"200\" srcset=\"https:\/\/cultura.umh.es\/files\/2021\/01\/Expo_Carmenelina-300x200.jpeg 300w, https:\/\/cultura.umh.es\/files\/2021\/01\/Expo_Carmenelina-768x512.jpeg 768w, https:\/\/cultura.umh.es\/files\/2021\/01\/Expo_Carmenelina.jpeg 1000w\" sizes=\"(max-width: 300px) 100vw, 300px\" \/><\/a><\/p>\n<h2><strong>Exposici\u00f3n itinerante<\/strong><\/h2>\n<h2><strong>Carmelina S\u00e1nchez-Cutillas. Escritora del a\u00f1o 2020-2021<\/strong><\/h2>\n<p>Del 15 al 22 de enero de 2020<br \/>\nSala ECO (Espai Cultural Obert)<br \/>\nVest\u00edbulo oeste del edificio Altabix<br \/>\nCampus de Elche<\/p>\n<p>La <a href=\"http:\/\/www.avl.gva.es\/\" target=\"_blank\" rel=\"noopener noreferrer\">Acad\u00e8mia Valenciana de la Llengua (AVL)<\/a> ha declarado a Carmelina S\u00e1nchez-Cutillas Escritora del a\u00f1o 2020-2021. Con esta declaraci\u00f3n la AVL pretende reparar una injusticia hist\u00f3rica i al mismo tiempo redescubrir a la gran escritora valenciana del siglo XX. Con el objetivo de difundir la vida y obra de la autora de <em>Mat\u00e8ria de Bretanya<\/em>, la AVL ha organizado una exposici\u00f3n itinerante de 12 paneles que hacen un repaso de los aspectos personales y literarios m\u00e1s importantes y destacados de esta mujer valiente y adelantada a su tiempo.<\/p>","protected":false},"excerpt":{"rendered":"<p>Exposici\u00f3n itinerante<br \/>\nCarmelina S\u00e1nchez-Cutillas. Escritora del a\u00f1o 2020-2021<br \/>\nDel 15 al 22 de enero de 2020<br \/>\nSala ECO (Espai Cultural Obert)<br \/>\nVest\u00edbulo oeste del edificio Altabix<br \/>\nCampus de Elche<br \/>\nLa Acad\u00e8mia Valenciana de la Llengua (AVL) ha declarado a Carmelina S\u00e1nchez-Cutillas Escritora del a\u00f1o 2020-2021. Con esta declaraci\u00f3n la AVL pretende reparar una injusticia hist\u00f3rica i al mismo tiempo redescubrir a [&#8230;]<\/p>\n","protected":false},"author":2954,"featured_media":0,"comment_status":"closed","ping_status":"closed","sticky":false,"template":"","format":"standard","meta":{"ngg_post_thumbnail":0,"_links_to":"","_links_to_target":""},"categories":[55516],"tags":[363958],"_links":{"self":[{"href":"https:\/\/cultura.umh.es\/en\/wp-json\/wp\/v2\/posts\/10031"}],"collection":[{"href":"https:\/\/cultura.umh.es\/en\/wp-json\/wp\/v2\/posts"}],"about":[{"href":"https:\/\/cultura.umh.es\/en\/wp-json\/wp\/v2\/types\/post"}],"author":[{"embeddable":true,"href":"https:\/\/cultura.umh.es\/en\/wp-json\/wp\/v2\/users\/2954"}],"replies":[{"embeddable":true,"href":"https:\/\/cultura.umh.es\/en\/wp-json\/wp\/v2\/comments?post=10031"}],"version-history":[{"count":0,"href":"https:\/\/cultura.umh.es\/en\/wp-json\/wp\/v2\/posts\/10031\/revisions"}],"wp:attachment":[{"href":"https:\/\/cultura.umh.es\/en\/wp-json\/wp\/v2\/media?parent=10031"}],"wp:term":[{"taxonomy":"category","embeddable":true,"href":"https:\/\/cultura.umh.es\/en\/wp-json\/wp\/v2\/categories?post=10031"},{"taxonomy":"post_tag","embeddable":true,"href":"https:\/\/cultura.umh.es\/en\/wp-json\/wp\/v2\/tags?post=10031"}],"curies":[{"name":"wp","href":"https:\/\/api.w.org\/{rel}","templated":true}]}}